{"id":1043,"date":"2025-03-19T12:11:40","date_gmt":"2025-03-19T11:11:40","guid":{"rendered":"https:\/\/www.airco2.earth\/blog\/?p=1043"},"modified":"2025-07-31T16:33:15","modified_gmt":"2025-07-31T14:33:15","slug":"la-nueva-normativa-en-espana-sobre-huella-de-carbono","status":"publish","type":"post","link":"https:\/\/www.airco2.earth\/blog\/2025\/03\/19\/la-nueva-normativa-en-espana-sobre-huella-de-carbono\/","title":{"rendered":"Nueva obligaci\u00f3n en Espa\u00f1a: c\u00e1lculo y reducci\u00f3n de la huella de carbono"},"content":{"rendered":"\n<p><strong>La nueva normativa en Espa\u00f1a sobre huella de carbono<\/strong> representa un <strong>avance clave en la lucha contra el cambio clim\u00e1tico<\/strong>, alineando al pa\u00eds con los objetivos de sostenibilidad y la reducci\u00f3n de <strong>emisiones de gases de efecto invernadero (GEI)<\/strong>.<\/p>\n\n\n\n<p>El Gobierno de Espa\u00f1a ha aprobado un <strong>Real Decreto<\/strong> que impone a ciertas empresas y organismos p\u00fablicos la obligaci\u00f3n de <strong>calcular, certificar y reducir su huella de carbono<\/strong>.<\/p>\n\n\n\n<figure class=\"wp-block-image size-large\"><a href=\"https:\/\/www.airco2.earth\/agendar-asesoria-inicial\" target=\"_blank\" rel=\"noreferrer noopener\"><img loading=\"lazy\" decoding=\"async\" width=\"1024\" height=\"576\" src=\"https:\/\/www.airco2.earth\/blog\/wp-content\/uploads\/2025\/05\/Te-ayudamos-a-medir-y-reducir-tu-huella-de-carbono-1024x576.png\" alt=\"\" class=\"wp-image-1176\" srcset=\"https:\/\/www.airco2.earth\/blog\/wp-content\/uploads\/2025\/05\/Te-ayudamos-a-medir-y-reducir-tu-huella-de-carbono-1024x576.png 1024w, https:\/\/www.airco2.earth\/blog\/wp-content\/uploads\/2025\/05\/Te-ayudamos-a-medir-y-reducir-tu-huella-de-carbono-300x169.png 300w, https:\/\/www.airco2.earth\/blog\/wp-content\/uploads\/2025\/05\/Te-ayudamos-a-medir-y-reducir-tu-huella-de-carbono-768x432.png 768w, https:\/\/www.airco2.earth\/blog\/wp-content\/uploads\/2025\/05\/Te-ayudamos-a-medir-y-reducir-tu-huella-de-carbono-1536x864.png 1536w, https:\/\/www.airco2.earth\/blog\/wp-content\/uploads\/2025\/05\/Te-ayudamos-a-medir-y-reducir-tu-huella-de-carbono-2048x1152.png 2048w\" sizes=\"(max-width: 1024px) 100vw, 1024px\" \/><\/a><\/figure>\n\n\n\n<h2 class=\"wp-block-heading\"><strong>\u00bfA qui\u00e9n afecta esta nueva normativa?<\/strong><\/h2>\n\n\n\n<p>Este Real Decreto establece que la <strong>medici\u00f3n y certificaci\u00f3n de la huella de carbono<\/strong> es obligatoria para:<\/p>\n\n\n\n<p><strong>Empresas privadas<\/strong> que cumplan al menos una de estas condiciones:<\/p>\n\n\n\n<ul class=\"wp-block-list\">\n<li>M\u00e1s de <strong>500 empleados<\/strong> y ser consideradas <strong>entidades de inter\u00e9s p\u00fablico<\/strong>.<\/li>\n\n\n\n<li>Ser una <strong>gran empresa<\/strong>, es decir, cumplir al menos dos de estos criterios durante dos ejercicios consecutivos:\n<ul class=\"wp-block-list\">\n<li>Activo superior a <strong>20 millones de euros<\/strong>.<\/li>\n\n\n\n<li>Cifra de negocios superior a <strong>40 millones de euros<\/strong>.<\/li>\n\n\n\n<li>N\u00famero medio de empleados superior a <strong>250<\/strong>.<\/li>\n<\/ul>\n<\/li>\n<\/ul>\n\n\n\n<p><strong>Administraci\u00f3n General del Estado<\/strong>, incluyendo ministerios, organismos aut\u00f3nomos y entidades de la Seguridad Social.<\/p>\n\n\n\n<h2 class=\"wp-block-heading\"><strong>Obligaciones para empresas y administraciones<\/strong><\/h2>\n\n\n\n<p>Las organizaciones afectadas deber\u00e1n cumplir con los siguientes requisitos:<\/p>\n\n\n\n<ul class=\"wp-block-list\">\n<li><strong>C\u00e1lculo anual de la huella de carbono<\/strong> en los <strong>alcances 1, 2 y 3<\/strong>, abarcando todas las emisiones directas e indirectas generadas por su actividad.<\/li>\n\n\n\n<li><strong>Elaboraci\u00f3n de un plan de reducci\u00f3n de emisiones<\/strong> con <strong>objetivos cuantificables<\/strong> a cinco a\u00f1os y estrategias espec\u00edficas para alcanzarlos.<\/li>\n\n\n\n<li><strong>Certificaci\u00f3n oficial de la huella de carbono<\/strong> mediante una entidad acreditada, garantizando la transparencia y fiabilidad de los datos reportados.<\/li>\n<\/ul>\n\n\n\n<p><strong>La nueva normativa en Espa\u00f1a sobre huella de carbono<\/strong> busca fortalecer la gesti\u00f3n ambiental en el pa\u00eds y posicionarlo como un referente en la transici\u00f3n hacia una <strong>econom\u00eda baja en carbono<\/strong>.<\/p>\n\n\n\n<h2 class=\"wp-block-heading\"><strong>Espa\u00f1a adopta un criterio m\u00e1s exigente que la UE<\/strong><\/h2>\n\n\n\n<p>A diferencia de la normativa propuesta en la Uni\u00f3n Europea, que obliga a empresas con m\u00e1s de <strong>1.000 empleados<\/strong> y facturaci\u00f3n superior a <strong>50 millones de euros<\/strong>, Espa\u00f1a <strong>mantiene criterios m\u00e1s estrictos<\/strong>.<\/p>\n\n\n\n<p>Esta decisi\u00f3n refuerza el compromiso del pa\u00eds con la sostenibilidad y la transparencia, aline\u00e1ndose con:<\/p>\n\n\n\n<ul class=\"wp-block-list\">\n<li>&nbsp;<strong>Ley 7\/2021 de Cambio Clim\u00e1tico y Transici\u00f3n Energ\u00e9tica<\/strong>.<\/li>\n\n\n\n<li>&nbsp;<strong>Ley 11\/2018 de Informaci\u00f3n No Financiera<\/strong>.<\/li>\n<\/ul>\n\n\n\n<p>Si deseas m\u00e1s detalles, puedes consultar la <strong>nota de prensa oficial del MITECO<\/strong> <a href=\"https:\/\/www.miteco.gob.es\/content\/dam\/miteco\/es\/prensa\/25_03_18_El_Gobierno_aprueba_el_Real_Decreto_que_crea_el_registro.pdf\">aqu\u00ed<\/a><\/p>\n\n\n\n<h2 class=\"wp-block-heading\"><strong>Cumple con la normativa sin complicaciones<\/strong><\/h2>\n\n\n\n<p>Hoy m\u00e1s que nunca, la sostenibilidad no es solo una opci\u00f3n, sino una <strong>obligaci\u00f3n legal<\/strong> para muchas empresas y administraciones p\u00fablicas.<\/p>\n\n\n\n<p>En <strong>airCO2<\/strong>, te ayudamos a <strong>calcular, certificar y reducir tu huella de carbono<\/strong> de forma sencilla y efectiva. No dejes que la normativa te tome por sorpresa.<\/p>\n\n\n\n<p><strong><a href=\"https:\/\/www.airco2.earth\/en\/agendar-asesoria-inicial\">Cont\u00e1ctanos hoy mismo<\/a><\/strong> y avancemos juntos hacia un futuro m\u00e1s sostenible.<\/p>\n\n\n\n<p><\/p>\n","protected":false},"excerpt":{"rendered":"<p>La nueva normativa en Espa\u00f1a sobre huella de carbono representa un avance clave en la lucha contra el cambio clim\u00e1tico, alineando al pa\u00eds con los objetivos de sostenibilidad y la reducci\u00f3n de emisiones de gases de efecto invernadero (GEI). El Gobierno de Espa\u00f1a ha aprobado un Real Decreto que impone a ciertas empresas y organismos [&hellip;]<\/p>\n","protected":false},"author":1,"featured_media":1049,"comment_status":"open","ping_status":"open","sticky":false,"template":"","format":"standard","meta":{"_yoast_wpseo_title":"La nueva normativa en Espa\u00f1a sobre huella de carbono","_yoast_wpseo_metadesc":"La nueva normativa en Espa\u00f1a sobre huella de carbono: todas las empresas afectadas est\u00e1n obligadas a medir su huella de forma anual.","footnotes":""},"categories":[11],"tags":[],"class_list":["post-1043","post","type-post","status-publish","format-standard","has-post-thumbnail","hentry","category-legislacion"],"yoast_head":"<!-- This site is optimized with the Yoast SEO plugin v25.6 - https:\/\/yoast.com\/wordpress\/plugins\/seo\/ -->\n<title>La nueva normativa en Espa\u00f1a sobre huella de carbono<\/title>\n<meta name=\"description\" content=\"La nueva normativa en Espa\u00f1a sobre huella de carbono: todas las empresas afectadas est\u00e1n obligadas a medir su huella de forma anual.\" \/>\n<meta name=\"robots\" content=\"index, follow, max-snippet:-1, max-image-preview:large, max-video-preview:-1\" \/>\n<link rel=\"canonical\" href=\"https:\/\/www.airco2.earth\/blog\/2025\/03\/19\/la-nueva-normativa-en-espana-sobre-huella-de-carbono\/\" \/>\n<meta property=\"og:locale\" content=\"es_ES\" \/>\n<meta property=\"og:type\" content=\"article\" \/>\n<meta property=\"og:title\" content=\"La nueva normativa en Espa\u00f1a sobre huella de carbono\" \/>\n<meta property=\"og:description\" content=\"La nueva normativa en Espa\u00f1a sobre huella de carbono: todas las empresas afectadas est\u00e1n obligadas a medir su huella de forma anual.\" \/>\n<meta property=\"og:url\" content=\"https:\/\/www.airco2.earth\/blog\/2025\/03\/19\/la-nueva-normativa-en-espana-sobre-huella-de-carbono\/\" \/>\n<meta property=\"og:site_name\" content=\"Blog airCO2\" \/>\n<meta property=\"article:published_time\" content=\"2025-03-19T11:11:40+00:00\" \/>\n<meta property=\"article:modified_time\" content=\"2025-07-31T14:33:15+00:00\" \/>\n<meta property=\"og:image\" content=\"https:\/\/www.airco2.earth\/blog\/wp-content\/uploads\/2025\/03\/La-nueva-normativa-en-Espana-sobre-huella-de-carbono-3.png\" \/>\n\t<meta property=\"og:image:width\" content=\"1920\" \/>\n\t<meta property=\"og:image:height\" content=\"1080\" \/>\n\t<meta property=\"og:image:type\" content=\"image\/png\" \/>\n<meta name=\"author\" content=\"airco2\" \/>\n<meta name=\"twitter:card\" content=\"summary_large_image\" \/>\n<meta name=\"twitter:label1\" content=\"Escrito por\" \/>\n\t<meta name=\"twitter:data1\" content=\"airco2\" \/>\n\t<meta name=\"twitter:label2\" content=\"Tiempo de lectura\" \/>\n\t<meta name=\"twitter:data2\" content=\"3 minutos\" \/>\n<script type=\"application\/ld+json\" class=\"yoast-schema-graph\">{\"@context\":\"https:\/\/schema.org\",\"@graph\":[{\"@type\":\"Article\",\"@id\":\"https:\/\/www.airco2.earth\/blog\/2025\/03\/19\/la-nueva-normativa-en-espana-sobre-huella-de-carbono\/#article\",\"isPartOf\":{\"@id\":\"https:\/\/www.airco2.earth\/blog\/2025\/03\/19\/la-nueva-normativa-en-espana-sobre-huella-de-carbono\/\"},\"author\":{\"name\":\"airco2\",\"@id\":\"https:\/\/www.airco2.earth\/blog\/#\/schema\/person\/ef063bb18a0e906fa67453ed27890422\"},\"headline\":\"Nueva obligaci\u00f3n en Espa\u00f1a: c\u00e1lculo y reducci\u00f3n de la huella de carbono\",\"datePublished\":\"2025-03-19T11:11:40+00:00\",\"dateModified\":\"2025-07-31T14:33:15+00:00\",\"mainEntityOfPage\":{\"@id\":\"https:\/\/www.airco2.earth\/blog\/2025\/03\/19\/la-nueva-normativa-en-espana-sobre-huella-de-carbono\/\"},\"wordCount\":479,\"commentCount\":0,\"publisher\":{\"@id\":\"https:\/\/www.airco2.earth\/blog\/#organization\"},\"image\":{\"@id\":\"https:\/\/www.airco2.earth\/blog\/2025\/03\/19\/la-nueva-normativa-en-espana-sobre-huella-de-carbono\/#primaryimage\"},\"thumbnailUrl\":\"https:\/\/www.airco2.earth\/blog\/wp-content\/uploads\/2025\/03\/La-nueva-normativa-en-Espana-sobre-huella-de-carbono-3.png\",\"articleSection\":[\"Legislaci\u00f3n\"],\"inLanguage\":\"es\",\"potentialAction\":[{\"@type\":\"CommentAction\",\"name\":\"Comment\",\"target\":[\"https:\/\/www.airco2.earth\/blog\/2025\/03\/19\/la-nueva-normativa-en-espana-sobre-huella-de-carbono\/#respond\"]}]},{\"@type\":\"WebPage\",\"@id\":\"https:\/\/www.airco2.earth\/blog\/2025\/03\/19\/la-nueva-normativa-en-espana-sobre-huella-de-carbono\/\",\"url\":\"https:\/\/www.airco2.earth\/blog\/2025\/03\/19\/la-nueva-normativa-en-espana-sobre-huella-de-carbono\/\",\"name\":\"La nueva normativa en Espa\u00f1a sobre huella de carbono\",\"isPartOf\":{\"@id\":\"https:\/\/www.airco2.earth\/blog\/#website\"},\"primaryImageOfPage\":{\"@id\":\"https:\/\/www.airco2.earth\/blog\/2025\/03\/19\/la-nueva-normativa-en-espana-sobre-huella-de-carbono\/#primaryimage\"},\"image\":{\"@id\":\"https:\/\/www.airco2.earth\/blog\/2025\/03\/19\/la-nueva-normativa-en-espana-sobre-huella-de-carbono\/#primaryimage\"},\"thumbnailUrl\":\"https:\/\/www.airco2.earth\/blog\/wp-content\/uploads\/2025\/03\/La-nueva-normativa-en-Espana-sobre-huella-de-carbono-3.png\",\"datePublished\":\"2025-03-19T11:11:40+00:00\",\"dateModified\":\"2025-07-31T14:33:15+00:00\",\"description\":\"La nueva normativa en Espa\u00f1a sobre huella de carbono: todas las empresas afectadas est\u00e1n obligadas a medir su huella de forma anual.\",\"breadcrumb\":{\"@id\":\"https:\/\/www.airco2.earth\/blog\/2025\/03\/19\/la-nueva-normativa-en-espana-sobre-huella-de-carbono\/#breadcrumb\"},\"inLanguage\":\"es\",\"potentialAction\":[{\"@type\":\"ReadAction\",\"target\":[\"https:\/\/www.airco2.earth\/blog\/2025\/03\/19\/la-nueva-normativa-en-espana-sobre-huella-de-carbono\/\"]}]},{\"@type\":\"ImageObject\",\"inLanguage\":\"es\",\"@id\":\"https:\/\/www.airco2.earth\/blog\/2025\/03\/19\/la-nueva-normativa-en-espana-sobre-huella-de-carbono\/#primaryimage\",\"url\":\"https:\/\/www.airco2.earth\/blog\/wp-content\/uploads\/2025\/03\/La-nueva-normativa-en-Espana-sobre-huella-de-carbono-3.png\",\"contentUrl\":\"https:\/\/www.airco2.earth\/blog\/wp-content\/uploads\/2025\/03\/La-nueva-normativa-en-Espana-sobre-huella-de-carbono-3.png\",\"width\":1920,\"height\":1080,\"caption\":\"La nueva normativa en Espa\u00f1a sobre huella de carbono\"},{\"@type\":\"BreadcrumbList\",\"@id\":\"https:\/\/www.airco2.earth\/blog\/2025\/03\/19\/la-nueva-normativa-en-espana-sobre-huella-de-carbono\/#breadcrumb\",\"itemListElement\":[{\"@type\":\"ListItem\",\"position\":1,\"name\":\"Portada\",\"item\":\"https:\/\/www.airco2.earth\/blog\/\"},{\"@type\":\"ListItem\",\"position\":2,\"name\":\"Nueva obligaci\u00f3n en Espa\u00f1a: c\u00e1lculo y reducci\u00f3n de la huella de carbono\"}]},{\"@type\":\"WebSite\",\"@id\":\"https:\/\/www.airco2.earth\/blog\/#website\",\"url\":\"https:\/\/www.airco2.earth\/blog\/\",\"name\":\"Airco2\",\"description\":\"Noticias y consejos sobre Huella de Carbono\",\"publisher\":{\"@id\":\"https:\/\/www.airco2.earth\/blog\/#organization\"},\"potentialAction\":[{\"@type\":\"SearchAction\",\"target\":{\"@type\":\"EntryPoint\",\"urlTemplate\":\"https:\/\/www.airco2.earth\/blog\/?s={search_term_string}\"},\"query-input\":{\"@type\":\"PropertyValueSpecification\",\"valueRequired\":true,\"valueName\":\"search_term_string\"}}],\"inLanguage\":\"es\"},{\"@type\":\"Organization\",\"@id\":\"https:\/\/www.airco2.earth\/blog\/#organization\",\"name\":\"Airco2\",\"url\":\"https:\/\/www.airco2.earth\/blog\/\",\"logo\":{\"@type\":\"ImageObject\",\"inLanguage\":\"es\",\"@id\":\"https:\/\/www.airco2.earth\/blog\/#\/schema\/logo\/image\/\",\"url\":\"\",\"contentUrl\":\"\",\"caption\":\"Airco2\"},\"image\":{\"@id\":\"https:\/\/www.airco2.earth\/blog\/#\/schema\/logo\/image\/\"},\"sameAs\":[\"https:\/\/www.instagram.com\/airco2_fintech\/?hl=es\",\"https:\/\/www.linkedin.com\/products\/airco2-carbon-manager\/?trk=organization_guest_main_product_card\"]},{\"@type\":\"Person\",\"@id\":\"https:\/\/www.airco2.earth\/blog\/#\/schema\/person\/ef063bb18a0e906fa67453ed27890422\",\"name\":\"airco2\",\"image\":{\"@type\":\"ImageObject\",\"inLanguage\":\"es\",\"@id\":\"https:\/\/www.airco2.earth\/blog\/#\/schema\/person\/image\/\",\"url\":\"https:\/\/secure.gravatar.com\/avatar\/6cc7b3398f8c011883a3f1a23d269c17?s=96&d=mm&r=g\",\"contentUrl\":\"https:\/\/secure.gravatar.com\/avatar\/6cc7b3398f8c011883a3f1a23d269c17?s=96&d=mm&r=g\",\"caption\":\"airco2\"},\"sameAs\":[\"https:\/\/www.airco2.earth\/blog\"],\"url\":\"https:\/\/www.airco2.earth\/blog\/author\/airco2\/\"}]}<\/script>\n<!-- \/ Yoast SEO plugin. -->","yoast_head_json":{"title":"La nueva normativa en Espa\u00f1a sobre huella de carbono","description":"La nueva normativa en Espa\u00f1a sobre huella de carbono: todas las empresas afectadas est\u00e1n obligadas a medir su huella de forma anual.","robots":{"index":"index","follow":"follow","max-snippet":"max-snippet:-1","max-image-preview":"max-image-preview:large","max-video-preview":"max-video-preview:-1"},"canonical":"https:\/\/www.airco2.earth\/blog\/2025\/03\/19\/la-nueva-normativa-en-espana-sobre-huella-de-carbono\/","og_locale":"es_ES","og_type":"article","og_title":"La nueva normativa en Espa\u00f1a sobre huella de carbono","og_description":"La nueva normativa en Espa\u00f1a sobre huella de carbono: todas las empresas afectadas est\u00e1n obligadas a medir su huella de forma anual.","og_url":"https:\/\/www.airco2.earth\/blog\/2025\/03\/19\/la-nueva-normativa-en-espana-sobre-huella-de-carbono\/","og_site_name":"Blog airCO2","article_published_time":"2025-03-19T11:11:40+00:00","article_modified_time":"2025-07-31T14:33:15+00:00","og_image":[{"width":1920,"height":1080,"url":"https:\/\/www.airco2.earth\/blog\/wp-content\/uploads\/2025\/03\/La-nueva-normativa-en-Espana-sobre-huella-de-carbono-3.png","type":"image\/png"}],"author":"airco2","twitter_card":"summary_large_image","twitter_misc":{"Escrito por":"airco2","Tiempo de lectura":"3 minutos"},"schema":{"@context":"https:\/\/schema.org","@graph":[{"@type":"Article","@id":"https:\/\/www.airco2.earth\/blog\/2025\/03\/19\/la-nueva-normativa-en-espana-sobre-huella-de-carbono\/#article","isPartOf":{"@id":"https:\/\/www.airco2.earth\/blog\/2025\/03\/19\/la-nueva-normativa-en-espana-sobre-huella-de-carbono\/"},"author":{"name":"airco2","@id":"https:\/\/www.airco2.earth\/blog\/#\/schema\/person\/ef063bb18a0e906fa67453ed27890422"},"headline":"Nueva obligaci\u00f3n en Espa\u00f1a: c\u00e1lculo y reducci\u00f3n de la huella de carbono","datePublished":"2025-03-19T11:11:40+00:00","dateModified":"2025-07-31T14:33:15+00:00","mainEntityOfPage":{"@id":"https:\/\/www.airco2.earth\/blog\/2025\/03\/19\/la-nueva-normativa-en-espana-sobre-huella-de-carbono\/"},"wordCount":479,"commentCount":0,"publisher":{"@id":"https:\/\/www.airco2.earth\/blog\/#organization"},"image":{"@id":"https:\/\/www.airco2.earth\/blog\/2025\/03\/19\/la-nueva-normativa-en-espana-sobre-huella-de-carbono\/#primaryimage"},"thumbnailUrl":"https:\/\/www.airco2.earth\/blog\/wp-content\/uploads\/2025\/03\/La-nueva-normativa-en-Espana-sobre-huella-de-carbono-3.png","articleSection":["Legislaci\u00f3n"],"inLanguage":"es","potentialAction":[{"@type":"CommentAction","name":"Comment","target":["https:\/\/www.airco2.earth\/blog\/2025\/03\/19\/la-nueva-normativa-en-espana-sobre-huella-de-carbono\/#respond"]}]},{"@type":"WebPage","@id":"https:\/\/www.airco2.earth\/blog\/2025\/03\/19\/la-nueva-normativa-en-espana-sobre-huella-de-carbono\/","url":"https:\/\/www.airco2.earth\/blog\/2025\/03\/19\/la-nueva-normativa-en-espana-sobre-huella-de-carbono\/","name":"La nueva normativa en Espa\u00f1a sobre huella de carbono","isPartOf":{"@id":"https:\/\/www.airco2.earth\/blog\/#website"},"primaryImageOfPage":{"@id":"https:\/\/www.airco2.earth\/blog\/2025\/03\/19\/la-nueva-normativa-en-espana-sobre-huella-de-carbono\/#primaryimage"},"image":{"@id":"https:\/\/www.airco2.earth\/blog\/2025\/03\/19\/la-nueva-normativa-en-espana-sobre-huella-de-carbono\/#primaryimage"},"thumbnailUrl":"https:\/\/www.airco2.earth\/blog\/wp-content\/uploads\/2025\/03\/La-nueva-normativa-en-Espana-sobre-huella-de-carbono-3.png","datePublished":"2025-03-19T11:11:40+00:00","dateModified":"2025-07-31T14:33:15+00:00","description":"La nueva normativa en Espa\u00f1a sobre huella de carbono: todas las empresas afectadas est\u00e1n obligadas a medir su huella de forma anual.","breadcrumb":{"@id":"https:\/\/www.airco2.earth\/blog\/2025\/03\/19\/la-nueva-normativa-en-espana-sobre-huella-de-carbono\/#breadcrumb"},"inLanguage":"es","potentialAction":[{"@type":"ReadAction","target":["https:\/\/www.airco2.earth\/blog\/2025\/03\/19\/la-nueva-normativa-en-espana-sobre-huella-de-carbono\/"]}]},{"@type":"ImageObject","inLanguage":"es","@id":"https:\/\/www.airco2.earth\/blog\/2025\/03\/19\/la-nueva-normativa-en-espana-sobre-huella-de-carbono\/#primaryimage","url":"https:\/\/www.airco2.earth\/blog\/wp-content\/uploads\/2025\/03\/La-nueva-normativa-en-Espana-sobre-huella-de-carbono-3.png","contentUrl":"https:\/\/www.airco2.earth\/blog\/wp-content\/uploads\/2025\/03\/La-nueva-normativa-en-Espana-sobre-huella-de-carbono-3.png","width":1920,"height":1080,"caption":"La nueva normativa en Espa\u00f1a sobre huella de carbono"},{"@type":"BreadcrumbList","@id":"https:\/\/www.airco2.earth\/blog\/2025\/03\/19\/la-nueva-normativa-en-espana-sobre-huella-de-carbono\/#breadcrumb","itemListElement":[{"@type":"ListItem","position":1,"name":"Portada","item":"https:\/\/www.airco2.earth\/blog\/"},{"@type":"ListItem","position":2,"name":"Nueva obligaci\u00f3n en Espa\u00f1a: c\u00e1lculo y reducci\u00f3n de la huella de carbono"}]},{"@type":"WebSite","@id":"https:\/\/www.airco2.earth\/blog\/#website","url":"https:\/\/www.airco2.earth\/blog\/","name":"Airco2","description":"Noticias y consejos sobre Huella de Carbono","publisher":{"@id":"https:\/\/www.airco2.earth\/blog\/#organization"},"potentialAction":[{"@type":"SearchAction","target":{"@type":"EntryPoint","urlTemplate":"https:\/\/www.airco2.earth\/blog\/?s={search_term_string}"},"query-input":{"@type":"PropertyValueSpecification","valueRequired":true,"valueName":"search_term_string"}}],"inLanguage":"es"},{"@type":"Organization","@id":"https:\/\/www.airco2.earth\/blog\/#organization","name":"Airco2","url":"https:\/\/www.airco2.earth\/blog\/","logo":{"@type":"ImageObject","inLanguage":"es","@id":"https:\/\/www.airco2.earth\/blog\/#\/schema\/logo\/image\/","url":"","contentUrl":"","caption":"Airco2"},"image":{"@id":"https:\/\/www.airco2.earth\/blog\/#\/schema\/logo\/image\/"},"sameAs":["https:\/\/www.instagram.com\/airco2_fintech\/?hl=es","https:\/\/www.linkedin.com\/products\/airco2-carbon-manager\/?trk=organization_guest_main_product_card"]},{"@type":"Person","@id":"https:\/\/www.airco2.earth\/blog\/#\/schema\/person\/ef063bb18a0e906fa67453ed27890422","name":"airco2","image":{"@type":"ImageObject","inLanguage":"es","@id":"https:\/\/www.airco2.earth\/blog\/#\/schema\/person\/image\/","url":"https:\/\/secure.gravatar.com\/avatar\/6cc7b3398f8c011883a3f1a23d269c17?s=96&d=mm&r=g","contentUrl":"https:\/\/secure.gravatar.com\/avatar\/6cc7b3398f8c011883a3f1a23d269c17?s=96&d=mm&r=g","caption":"airco2"},"sameAs":["https:\/\/www.airco2.earth\/blog"],"url":"https:\/\/www.airco2.earth\/blog\/author\/airco2\/"}]}},"_links":{"self":[{"href":"https:\/\/www.airco2.earth\/blog\/wp-json\/wp\/v2\/posts\/1043"}],"collection":[{"href":"https:\/\/www.airco2.earth\/blog\/wp-json\/wp\/v2\/posts"}],"about":[{"href":"https:\/\/www.airco2.earth\/blog\/wp-json\/wp\/v2\/types\/post"}],"author":[{"embeddable":true,"href":"https:\/\/www.airco2.earth\/blog\/wp-json\/wp\/v2\/users\/1"}],"replies":[{"embeddable":true,"href":"https:\/\/www.airco2.earth\/blog\/wp-json\/wp\/v2\/comments?post=1043"}],"version-history":[{"count":3,"href":"https:\/\/www.airco2.earth\/blog\/wp-json\/wp\/v2\/posts\/1043\/revisions"}],"predecessor-version":[{"id":1180,"href":"https:\/\/www.airco2.earth\/blog\/wp-json\/wp\/v2\/posts\/1043\/revisions\/1180"}],"wp:featuredmedia":[{"embeddable":true,"href":"https:\/\/www.airco2.earth\/blog\/wp-json\/wp\/v2\/media\/1049"}],"wp:attachment":[{"href":"https:\/\/www.airco2.earth\/blog\/wp-json\/wp\/v2\/media?parent=1043"}],"wp:term":[{"taxonomy":"category","embeddable":true,"href":"https:\/\/www.airco2.earth\/blog\/wp-json\/wp\/v2\/categories?post=1043"},{"taxonomy":"post_tag","embeddable":true,"href":"https:\/\/www.airco2.earth\/blog\/wp-json\/wp\/v2\/tags?post=1043"}],"curies":[{"name":"wp","href":"https:\/\/api.w.org\/{rel}","templated":true}]}}