{"id":207,"date":"2024-08-05T13:35:04","date_gmt":"2024-08-05T11:35:04","guid":{"rendered":"https:\/\/web.dev.airco2.eu\/blog\/?p=207"},"modified":"2024-11-11T15:23:36","modified_gmt":"2024-11-11T14:23:36","slug":"compensacion-huella-carbono-local","status":"publish","type":"post","link":"https:\/\/www.airco2.earth\/blog\/2024\/08\/05\/compensacion-huella-carbono-local\/","title":{"rendered":"Compensaci\u00f3n de huella de carbono local"},"content":{"rendered":"\n<p>Hace un tiempo, Luis, presidente del Instituto Internacional del Valor Compartido, se puso en contacto con nosotros para empezar a contabilizar su huella de carbono y compensar su impacto en cercan\u00eda. Por otro lado, Jos\u00e9 Manuel, due\u00f1o de dos montes en Bri\u00f3n: el Monte Xinzo y el Monte Bri\u00f3n, comenz\u00f3 a comercializar los cr\u00e9ditos de carbono en nuestra plataforma. A ambos les uni\u00f3 un mismo prop\u00f3sito: el mantenimiento de la masa forestal y la compensaci\u00f3n de huella de carbono local.<\/p>\n\n\n\n<p>Tras realizar el proceso del c\u00e1lculo de la huella, Luis ten\u00eda claro que quer\u00eda neutralizar su huella en cercan\u00eda. Y ah\u00ed es cuando Airco2 le abre las puertas de su marketplace para ponerle a su disposici\u00f3n todo el cat\u00e1logo de montes que van a ser los encargados de absorber esas emisiones. Aqu\u00ed es donde entra en juego Jos\u00e9 Manuel, sus montes Bri\u00f3n y Xinzo fueron los escogidos para llevar a cabo esta compensaci\u00f3n.<\/p>\n\n\n\n<p>Luego de este acercamiento, organizamos una primera charla entre ambos, Jos\u00e9 Manuel y Luis, para que se pudiesen conocer y hablar m\u00e1s en detalle de todo lo que ha supuesto para ellos este proceso. En esta charla trataron diferentes puntos como las diferentes medidas que va a tomar el propietario forestal para cuidar su monte o lo que ha aprendido Luis en este nuevo proceso de compensaci\u00f3n de huella de carbono local.<\/p>\n\n\n\n<p>Adem\u00e1s, os traemos una entrevista a Luis, donde nos cuenta su experiencia y como fue para \u00e9l el proceso de calcular la huella y compensarla. Esta es una instituci\u00f3n, sin \u00e1nimo de lucro, nacida en 2018, compuesta por profesionales de diferentes \u00e1mbitos, entre los que destacan el social, educativo, divulgativo, cient\u00edfico, pol\u00edtico y empresarial.&nbsp;<\/p>\n\n\n\n<h5 class=\"wp-block-heading\"><strong>\u00bfC\u00f3mo conociste a Airco2?<\/strong><\/h5>\n\n\n\n<p>Linkedin ofrece la oportunidad de mantener el contacto con personas con las que en alg\u00fan momento tuviste relaci\u00f3n y que con el tiempo pueden surgir sinergias con las distintas actividades que desarrollen. En la b\u00fasqueda de nuevas soluciones y herramientas para nuestros clientes, y a trav\u00e9s de esa plataforma tuve la suerte de coincidir de nuevo, pasado el tiempo, con una persona relacionada con Airco2, y aprovechamos las sinergias.<\/p>\n\n\n\n<h5 class=\"wp-block-heading\"><strong>\u00bfC\u00f3mo cre\u00e9is que valoran vuestros clientes la sostenibilidad?<\/strong><\/h5>\n\n\n\n<p>En nuestro caso la sostenibilidad es nuestra actividad esencial y principal y nuestro trabajo con clientes tiene como fin \u00faltimo conseguir estar cada d\u00eda m\u00e1s cerca de la excelencia en este campo, por tanto, debemos partir del ejemplo en nuestra propia organizaci\u00f3n, y medidas as\u00ed, lo atestiguan.<\/p>\n\n\n\n<h5 class=\"wp-block-heading\"><strong>\u00bfC\u00f3mo de importante es ser sostenible para ti y la empresa?<\/strong><\/h5>\n\n\n\n<p>Nosotros tenemos un lema \u201c<em>solo hay una forma de hacer las cosas, y es hacerlas bien<\/em>\u201d, y es como nosotros entendemos la sostenibilidad, como la \u00fanica forma de hacer las cosas: sostenible. Y adem\u00e1s creemos que la sostenibilidad adem\u00e1s de una responsabilidad tambi\u00e9n es una filosof\u00eda de negocio rentable. Pero hacerlo desde la coherencia, la conciencia cierta y la innovaci\u00f3n en soluciones y herramientas.<\/p>\n\n\n\n<h5 class=\"wp-block-heading\"><strong>\u00bfRealiz\u00e1is actualmente alguna acci\u00f3n para ser m\u00e1s sostenibles?<\/strong><\/h5>\n\n\n\n<p>Nosotros como organizaci\u00f3n sin \u00e1nimo de lucro marcamos desde un inicio algunas medidas de sostenibilidad b\u00e1sicas:<\/p>\n\n\n\n<ul class=\"wp-block-list\">\n<li>Cero papel: proponemos como condici\u00f3n de contrataci\u00f3n con clientes, proveedores y administraciones el tr\u00e1mite digital (hasta cuando este no era com\u00fan sino opcional).<\/li>\n\n\n\n<li>Dimensi\u00f3n flexible: asignamos recursos por proyecto evitando el exceso de coste de los mismos, asumimos el teletrabajo y la flexibilidad horaria como forma, y proponemos siempre medidas de sostenibilidad en los proyectos y en el desempe\u00f1o para los mismos.<\/li>\n\n\n\n<li>Relaciones sostenibles: Mantenemos relaciones sostenibles con proveedores y equipos colaboradores lo que nos permite llevar desde 2017 manteniendo los mismos proveedores, e incrementando colaboradores, ya que mantenemos transparencia en nuestra organizaci\u00f3n, ingresos, m\u00e1rgenes y costes.<\/li>\n<\/ul>\n\n\n\n<p>Entre otras.<\/p>\n\n\n\n<h5 class=\"wp-block-heading\"><strong>\u00bfQu\u00e9 es lo que m\u00e1s valor\u00e1is de este proyecto?<\/strong><\/h5>\n\n\n\n<p>Desde nuestro punto de vista, se trata de una visi\u00f3n compartida la de plantear la compensaci\u00f3n de huella de carbono local como una oportunidad de apoyar a proyectos sostenibles de cuidados o gesti\u00f3n de montes y bosques de cercan\u00eda, y no de plantaci\u00f3n a veces de larga distancia, sin certificaci\u00f3n ni control.<\/p>\n\n\n\n<h5 class=\"wp-block-heading\"><strong>\u00bfPor qu\u00e9 le recomendar\u00edas a las empresas que neutralizaran su huella de carbono en proyectos locales ya arbolados?<\/strong><\/h5>\n\n\n\n<p>Porque cumple una funci\u00f3n actualmente mucho m\u00e1s necesaria, controlable y certificable, y porque redunda en una compensaci\u00f3n m\u00e1s efectiva e inmediata.<\/p>\n\n\n\n<h5 class=\"wp-block-heading\"><strong>\u00bfQu\u00e9 consejo le dar\u00edas a las empresas que est\u00e1n pensando dar el paso?<\/strong><\/h5>\n\n\n\n<p>Dar el paso al menos de medir su huella. De ser conscientes de forma objetiva y num\u00e9rica de c\u00f3mo est\u00e1 impactando su negocio en el mundo. Plantearse incluso ver su huella hist\u00f3rica, entender que no es un impacto de ahora, sino desde su inicio. Tomar conciencia y decidir c\u00f3mo responder responsablemente a esa realidad cuantitativa.<\/p>\n","protected":false},"excerpt":{"rendered":"<p>Hace un tiempo, Luis, presidente del Instituto Internacional del Valor Compartido, se puso en contacto con nosotros para empezar a contabilizar su huella de carbono y compensar su impacto en cercan\u00eda. Por otro lado, Jos\u00e9 Manuel, due\u00f1o de dos montes en Bri\u00f3n: el Monte Xinzo y el Monte Bri\u00f3n, comenz\u00f3 a comercializar los cr\u00e9ditos de [&hellip;]<\/p>\n","protected":false},"author":1,"featured_media":208,"comment_status":"open","ping_status":"open","sticky":false,"template":"","format":"standard","meta":{"_yoast_wpseo_title":"C\u00f3mo la compensaci\u00f3n de huella de carbono local puede ayudarte","_yoast_wpseo_metadesc":"Descubre c\u00f3mo la compensaci\u00f3n de huella de carbono local puede ayudarte a reducir tu impacto ambiental y apoyar iniciativas sostenibles","footnotes":""},"categories":[7],"tags":[],"class_list":["post-207","post","type-post","status-publish","format-standard","has-post-thumbnail","hentry","category-casos-de-uso"],"yoast_head":"<!-- This site is optimized with the Yoast SEO plugin v25.6 - https:\/\/yoast.com\/wordpress\/plugins\/seo\/ -->\n<title>C\u00f3mo la compensaci\u00f3n de huella de carbono local puede ayudarte<\/title>\n<meta name=\"description\" content=\"Descubre c\u00f3mo la compensaci\u00f3n de huella de carbono local puede ayudarte a reducir tu impacto ambiental y apoyar iniciativas sostenibles\" \/>\n<meta name=\"robots\" content=\"index, follow, max-snippet:-1, max-image-preview:large, max-video-preview:-1\" \/>\n<link rel=\"canonical\" href=\"https:\/\/www.airco2.earth\/blog\/2024\/08\/05\/compensacion-huella-carbono-local\/\" \/>\n<meta property=\"og:locale\" content=\"es_ES\" \/>\n<meta property=\"og:type\" content=\"article\" \/>\n<meta property=\"og:title\" content=\"C\u00f3mo la compensaci\u00f3n de huella de carbono local puede ayudarte\" \/>\n<meta property=\"og:description\" content=\"Descubre c\u00f3mo la compensaci\u00f3n de huella de carbono local puede ayudarte a reducir tu impacto ambiental y apoyar iniciativas sostenibles\" \/>\n<meta property=\"og:url\" content=\"https:\/\/www.airco2.earth\/blog\/2024\/08\/05\/compensacion-huella-carbono-local\/\" \/>\n<meta property=\"og:site_name\" content=\"Blog airCO2\" \/>\n<meta property=\"article:published_time\" content=\"2024-08-05T11:35:04+00:00\" \/>\n<meta property=\"article:modified_time\" content=\"2024-11-11T14:23:36+00:00\" \/>\n<meta property=\"og:image\" content=\"https:\/\/www.airco2.earth\/blog\/wp-content\/uploads\/2024\/08\/Presentacion.webp\" \/>\n\t<meta property=\"og:image:width\" content=\"750\" \/>\n\t<meta property=\"og:image:height\" content=\"486\" \/>\n\t<meta property=\"og:image:type\" content=\"image\/webp\" \/>\n<meta name=\"author\" content=\"airco2\" \/>\n<meta name=\"twitter:card\" content=\"summary_large_image\" \/>\n<meta name=\"twitter:label1\" content=\"Escrito por\" \/>\n\t<meta name=\"twitter:data1\" content=\"airco2\" \/>\n\t<meta name=\"twitter:label2\" content=\"Tiempo de lectura\" \/>\n\t<meta name=\"twitter:data2\" content=\"4 minutos\" \/>\n<script type=\"application\/ld+json\" class=\"yoast-schema-graph\">{\"@context\":\"https:\/\/schema.org\",\"@graph\":[{\"@type\":\"Article\",\"@id\":\"https:\/\/www.airco2.earth\/blog\/2024\/08\/05\/compensacion-huella-carbono-local\/#article\",\"isPartOf\":{\"@id\":\"https:\/\/www.airco2.earth\/blog\/2024\/08\/05\/compensacion-huella-carbono-local\/\"},\"author\":{\"name\":\"airco2\",\"@id\":\"https:\/\/www.airco2.earth\/blog\/#\/schema\/person\/ef063bb18a0e906fa67453ed27890422\"},\"headline\":\"Compensaci\u00f3n de huella de carbono local\",\"datePublished\":\"2024-08-05T11:35:04+00:00\",\"dateModified\":\"2024-11-11T14:23:36+00:00\",\"mainEntityOfPage\":{\"@id\":\"https:\/\/www.airco2.earth\/blog\/2024\/08\/05\/compensacion-huella-carbono-local\/\"},\"wordCount\":848,\"commentCount\":0,\"publisher\":{\"@id\":\"https:\/\/www.airco2.earth\/blog\/#organization\"},\"image\":{\"@id\":\"https:\/\/www.airco2.earth\/blog\/2024\/08\/05\/compensacion-huella-carbono-local\/#primaryimage\"},\"thumbnailUrl\":\"https:\/\/www.airco2.earth\/blog\/wp-content\/uploads\/2024\/08\/Presentacion.webp\",\"articleSection\":[\"Casos de uso\"],\"inLanguage\":\"es\",\"potentialAction\":[{\"@type\":\"CommentAction\",\"name\":\"Comment\",\"target\":[\"https:\/\/www.airco2.earth\/blog\/2024\/08\/05\/compensacion-huella-carbono-local\/#respond\"]}]},{\"@type\":\"WebPage\",\"@id\":\"https:\/\/www.airco2.earth\/blog\/2024\/08\/05\/compensacion-huella-carbono-local\/\",\"url\":\"https:\/\/www.airco2.earth\/blog\/2024\/08\/05\/compensacion-huella-carbono-local\/\",\"name\":\"C\u00f3mo la compensaci\u00f3n de huella de carbono local puede ayudarte\",\"isPartOf\":{\"@id\":\"https:\/\/www.airco2.earth\/blog\/#website\"},\"primaryImageOfPage\":{\"@id\":\"https:\/\/www.airco2.earth\/blog\/2024\/08\/05\/compensacion-huella-carbono-local\/#primaryimage\"},\"image\":{\"@id\":\"https:\/\/www.airco2.earth\/blog\/2024\/08\/05\/compensacion-huella-carbono-local\/#primaryimage\"},\"thumbnailUrl\":\"https:\/\/www.airco2.earth\/blog\/wp-content\/uploads\/2024\/08\/Presentacion.webp\",\"datePublished\":\"2024-08-05T11:35:04+00:00\",\"dateModified\":\"2024-11-11T14:23:36+00:00\",\"description\":\"Descubre c\u00f3mo la compensaci\u00f3n de huella de carbono local puede ayudarte a reducir tu impacto ambiental y apoyar iniciativas sostenibles\",\"breadcrumb\":{\"@id\":\"https:\/\/www.airco2.earth\/blog\/2024\/08\/05\/compensacion-huella-carbono-local\/#breadcrumb\"},\"inLanguage\":\"es\",\"potentialAction\":[{\"@type\":\"ReadAction\",\"target\":[\"https:\/\/www.airco2.earth\/blog\/2024\/08\/05\/compensacion-huella-carbono-local\/\"]}]},{\"@type\":\"ImageObject\",\"inLanguage\":\"es\",\"@id\":\"https:\/\/www.airco2.earth\/blog\/2024\/08\/05\/compensacion-huella-carbono-local\/#primaryimage\",\"url\":\"https:\/\/www.airco2.earth\/blog\/wp-content\/uploads\/2024\/08\/Presentacion.webp\",\"contentUrl\":\"https:\/\/www.airco2.earth\/blog\/wp-content\/uploads\/2024\/08\/Presentacion.webp\",\"width\":750,\"height\":486},{\"@type\":\"BreadcrumbList\",\"@id\":\"https:\/\/www.airco2.earth\/blog\/2024\/08\/05\/compensacion-huella-carbono-local\/#breadcrumb\",\"itemListElement\":[{\"@type\":\"ListItem\",\"position\":1,\"name\":\"Portada\",\"item\":\"https:\/\/www.airco2.earth\/blog\/\"},{\"@type\":\"ListItem\",\"position\":2,\"name\":\"Compensaci\u00f3n de huella de carbono local\"}]},{\"@type\":\"WebSite\",\"@id\":\"https:\/\/www.airco2.earth\/blog\/#website\",\"url\":\"https:\/\/www.airco2.earth\/blog\/\",\"name\":\"Airco2\",\"description\":\"Noticias y consejos sobre Huella de Carbono\",\"publisher\":{\"@id\":\"https:\/\/www.airco2.earth\/blog\/#organization\"},\"potentialAction\":[{\"@type\":\"SearchAction\",\"target\":{\"@type\":\"EntryPoint\",\"urlTemplate\":\"https:\/\/www.airco2.earth\/blog\/?s={search_term_string}\"},\"query-input\":{\"@type\":\"PropertyValueSpecification\",\"valueRequired\":true,\"valueName\":\"search_term_string\"}}],\"inLanguage\":\"es\"},{\"@type\":\"Organization\",\"@id\":\"https:\/\/www.airco2.earth\/blog\/#organization\",\"name\":\"Airco2\",\"url\":\"https:\/\/www.airco2.earth\/blog\/\",\"logo\":{\"@type\":\"ImageObject\",\"inLanguage\":\"es\",\"@id\":\"https:\/\/www.airco2.earth\/blog\/#\/schema\/logo\/image\/\",\"url\":\"\",\"contentUrl\":\"\",\"caption\":\"Airco2\"},\"image\":{\"@id\":\"https:\/\/www.airco2.earth\/blog\/#\/schema\/logo\/image\/\"},\"sameAs\":[\"https:\/\/www.instagram.com\/airco2_fintech\/?hl=es\",\"https:\/\/www.linkedin.com\/products\/airco2-carbon-manager\/?trk=organization_guest_main_product_card\"]},{\"@type\":\"Person\",\"@id\":\"https:\/\/www.airco2.earth\/blog\/#\/schema\/person\/ef063bb18a0e906fa67453ed27890422\",\"name\":\"airco2\",\"image\":{\"@type\":\"ImageObject\",\"inLanguage\":\"es\",\"@id\":\"https:\/\/www.airco2.earth\/blog\/#\/schema\/person\/image\/\",\"url\":\"https:\/\/secure.gravatar.com\/avatar\/6cc7b3398f8c011883a3f1a23d269c17?s=96&d=mm&r=g\",\"contentUrl\":\"https:\/\/secure.gravatar.com\/avatar\/6cc7b3398f8c011883a3f1a23d269c17?s=96&d=mm&r=g\",\"caption\":\"airco2\"},\"sameAs\":[\"https:\/\/www.airco2.earth\/blog\"],\"url\":\"https:\/\/www.airco2.earth\/blog\/author\/airco2\/\"}]}<\/script>\n<!-- \/ Yoast SEO plugin. -->","yoast_head_json":{"title":"C\u00f3mo la compensaci\u00f3n de huella de carbono local puede ayudarte","description":"Descubre c\u00f3mo la compensaci\u00f3n de huella de carbono local puede ayudarte a reducir tu impacto ambiental y apoyar iniciativas sostenibles","robots":{"index":"index","follow":"follow","max-snippet":"max-snippet:-1","max-image-preview":"max-image-preview:large","max-video-preview":"max-video-preview:-1"},"canonical":"https:\/\/www.airco2.earth\/blog\/2024\/08\/05\/compensacion-huella-carbono-local\/","og_locale":"es_ES","og_type":"article","og_title":"C\u00f3mo la compensaci\u00f3n de huella de carbono local puede ayudarte","og_description":"Descubre c\u00f3mo la compensaci\u00f3n de huella de carbono local puede ayudarte a reducir tu impacto ambiental y apoyar iniciativas sostenibles","og_url":"https:\/\/www.airco2.earth\/blog\/2024\/08\/05\/compensacion-huella-carbono-local\/","og_site_name":"Blog airCO2","article_published_time":"2024-08-05T11:35:04+00:00","article_modified_time":"2024-11-11T14:23:36+00:00","og_image":[{"width":750,"height":486,"url":"https:\/\/www.airco2.earth\/blog\/wp-content\/uploads\/2024\/08\/Presentacion.webp","type":"image\/webp"}],"author":"airco2","twitter_card":"summary_large_image","twitter_misc":{"Escrito por":"airco2","Tiempo de lectura":"4 minutos"},"schema":{"@context":"https:\/\/schema.org","@graph":[{"@type":"Article","@id":"https:\/\/www.airco2.earth\/blog\/2024\/08\/05\/compensacion-huella-carbono-local\/#article","isPartOf":{"@id":"https:\/\/www.airco2.earth\/blog\/2024\/08\/05\/compensacion-huella-carbono-local\/"},"author":{"name":"airco2","@id":"https:\/\/www.airco2.earth\/blog\/#\/schema\/person\/ef063bb18a0e906fa67453ed27890422"},"headline":"Compensaci\u00f3n de huella de carbono local","datePublished":"2024-08-05T11:35:04+00:00","dateModified":"2024-11-11T14:23:36+00:00","mainEntityOfPage":{"@id":"https:\/\/www.airco2.earth\/blog\/2024\/08\/05\/compensacion-huella-carbono-local\/"},"wordCount":848,"commentCount":0,"publisher":{"@id":"https:\/\/www.airco2.earth\/blog\/#organization"},"image":{"@id":"https:\/\/www.airco2.earth\/blog\/2024\/08\/05\/compensacion-huella-carbono-local\/#primaryimage"},"thumbnailUrl":"https:\/\/www.airco2.earth\/blog\/wp-content\/uploads\/2024\/08\/Presentacion.webp","articleSection":["Casos de uso"],"inLanguage":"es","potentialAction":[{"@type":"CommentAction","name":"Comment","target":["https:\/\/www.airco2.earth\/blog\/2024\/08\/05\/compensacion-huella-carbono-local\/#respond"]}]},{"@type":"WebPage","@id":"https:\/\/www.airco2.earth\/blog\/2024\/08\/05\/compensacion-huella-carbono-local\/","url":"https:\/\/www.airco2.earth\/blog\/2024\/08\/05\/compensacion-huella-carbono-local\/","name":"C\u00f3mo la compensaci\u00f3n de huella de carbono local puede ayudarte","isPartOf":{"@id":"https:\/\/www.airco2.earth\/blog\/#website"},"primaryImageOfPage":{"@id":"https:\/\/www.airco2.earth\/blog\/2024\/08\/05\/compensacion-huella-carbono-local\/#primaryimage"},"image":{"@id":"https:\/\/www.airco2.earth\/blog\/2024\/08\/05\/compensacion-huella-carbono-local\/#primaryimage"},"thumbnailUrl":"https:\/\/www.airco2.earth\/blog\/wp-content\/uploads\/2024\/08\/Presentacion.webp","datePublished":"2024-08-05T11:35:04+00:00","dateModified":"2024-11-11T14:23:36+00:00","description":"Descubre c\u00f3mo la compensaci\u00f3n de huella de carbono local puede ayudarte a reducir tu impacto ambiental y apoyar iniciativas sostenibles","breadcrumb":{"@id":"https:\/\/www.airco2.earth\/blog\/2024\/08\/05\/compensacion-huella-carbono-local\/#breadcrumb"},"inLanguage":"es","potentialAction":[{"@type":"ReadAction","target":["https:\/\/www.airco2.earth\/blog\/2024\/08\/05\/compensacion-huella-carbono-local\/"]}]},{"@type":"ImageObject","inLanguage":"es","@id":"https:\/\/www.airco2.earth\/blog\/2024\/08\/05\/compensacion-huella-carbono-local\/#primaryimage","url":"https:\/\/www.airco2.earth\/blog\/wp-content\/uploads\/2024\/08\/Presentacion.webp","contentUrl":"https:\/\/www.airco2.earth\/blog\/wp-content\/uploads\/2024\/08\/Presentacion.webp","width":750,"height":486},{"@type":"BreadcrumbList","@id":"https:\/\/www.airco2.earth\/blog\/2024\/08\/05\/compensacion-huella-carbono-local\/#breadcrumb","itemListElement":[{"@type":"ListItem","position":1,"name":"Portada","item":"https:\/\/www.airco2.earth\/blog\/"},{"@type":"ListItem","position":2,"name":"Compensaci\u00f3n de huella de carbono local"}]},{"@type":"WebSite","@id":"https:\/\/www.airco2.earth\/blog\/#website","url":"https:\/\/www.airco2.earth\/blog\/","name":"Airco2","description":"Noticias y consejos sobre Huella de Carbono","publisher":{"@id":"https:\/\/www.airco2.earth\/blog\/#organization"},"potentialAction":[{"@type":"SearchAction","target":{"@type":"EntryPoint","urlTemplate":"https:\/\/www.airco2.earth\/blog\/?s={search_term_string}"},"query-input":{"@type":"PropertyValueSpecification","valueRequired":true,"valueName":"search_term_string"}}],"inLanguage":"es"},{"@type":"Organization","@id":"https:\/\/www.airco2.earth\/blog\/#organization","name":"Airco2","url":"https:\/\/www.airco2.earth\/blog\/","logo":{"@type":"ImageObject","inLanguage":"es","@id":"https:\/\/www.airco2.earth\/blog\/#\/schema\/logo\/image\/","url":"","contentUrl":"","caption":"Airco2"},"image":{"@id":"https:\/\/www.airco2.earth\/blog\/#\/schema\/logo\/image\/"},"sameAs":["https:\/\/www.instagram.com\/airco2_fintech\/?hl=es","https:\/\/www.linkedin.com\/products\/airco2-carbon-manager\/?trk=organization_guest_main_product_card"]},{"@type":"Person","@id":"https:\/\/www.airco2.earth\/blog\/#\/schema\/person\/ef063bb18a0e906fa67453ed27890422","name":"airco2","image":{"@type":"ImageObject","inLanguage":"es","@id":"https:\/\/www.airco2.earth\/blog\/#\/schema\/person\/image\/","url":"https:\/\/secure.gravatar.com\/avatar\/6cc7b3398f8c011883a3f1a23d269c17?s=96&d=mm&r=g","contentUrl":"https:\/\/secure.gravatar.com\/avatar\/6cc7b3398f8c011883a3f1a23d269c17?s=96&d=mm&r=g","caption":"airco2"},"sameAs":["https:\/\/www.airco2.earth\/blog"],"url":"https:\/\/www.airco2.earth\/blog\/author\/airco2\/"}]}},"_links":{"self":[{"href":"https:\/\/www.airco2.earth\/blog\/wp-json\/wp\/v2\/posts\/207"}],"collection":[{"href":"https:\/\/www.airco2.earth\/blog\/wp-json\/wp\/v2\/posts"}],"about":[{"href":"https:\/\/www.airco2.earth\/blog\/wp-json\/wp\/v2\/types\/post"}],"author":[{"embeddable":true,"href":"https:\/\/www.airco2.earth\/blog\/wp-json\/wp\/v2\/users\/1"}],"replies":[{"embeddable":true,"href":"https:\/\/www.airco2.earth\/blog\/wp-json\/wp\/v2\/comments?post=207"}],"version-history":[{"count":2,"href":"https:\/\/www.airco2.earth\/blog\/wp-json\/wp\/v2\/posts\/207\/revisions"}],"predecessor-version":[{"id":617,"href":"https:\/\/www.airco2.earth\/blog\/wp-json\/wp\/v2\/posts\/207\/revisions\/617"}],"wp:featuredmedia":[{"embeddable":true,"href":"https:\/\/www.airco2.earth\/blog\/wp-json\/wp\/v2\/media\/208"}],"wp:attachment":[{"href":"https:\/\/www.airco2.earth\/blog\/wp-json\/wp\/v2\/media?parent=207"}],"wp:term":[{"taxonomy":"category","embeddable":true,"href":"https:\/\/www.airco2.earth\/blog\/wp-json\/wp\/v2\/categories?post=207"},{"taxonomy":"post_tag","embeddable":true,"href":"https:\/\/www.airco2.earth\/blog\/wp-json\/wp\/v2\/tags?post=207"}],"curies":[{"name":"wp","href":"https:\/\/api.w.org\/{rel}","templated":true}]}}