{"id":253,"date":"2024-08-05T14:42:34","date_gmt":"2024-08-05T12:42:34","guid":{"rendered":"https:\/\/web.dev.airco2.eu\/blog\/?p=253"},"modified":"2024-11-11T10:24:36","modified_gmt":"2024-11-11T09:24:36","slug":"incendios-forestales-y-su-gran-impacto","status":"publish","type":"post","link":"https:\/\/www.airco2.earth\/blog\/2024\/08\/05\/incendios-forestales-y-su-gran-impacto\/","title":{"rendered":"La Alarma por el Aumento de Incendios Forestales en Espa\u00f1a"},"content":{"rendered":"\n<h3 class=\"wp-block-heading\"><\/h3>\n\n\n\n<p>Este mes de agosto, Espa\u00f1a enfrenta su tercera ola de calor del verano, intensificando el riesgo de incendios forestales. Con m\u00e1s de 270.000 hect\u00e1reas quemadas en 2022 y un preocupante aumento en la frecuencia de estos desastres, es crucial entender c\u00f3mo estos incendios afectan nuestros ecosistemas y qu\u00e9 podemos hacer para mitigarlos. El cambio clim\u00e1tico, con fen\u00f3menos como el aumento de temperaturas y la sequ\u00eda, agrava estos impactos, haci\u00e9ndolos m\u00e1s frecuentes y dif\u00edciles de controlar. Este art\u00edculo explora el alcance de estos incendios en el medio ambiente y c\u00f3mo la gesti\u00f3n forestal sostenible puede convertirse en una soluci\u00f3n efectiva.<\/p>\n\n\n\n<hr class=\"wp-block-separator has-alpha-channel-opacity\"\/>\n\n\n\n<h3 class=\"wp-block-heading\"><strong>El Alcance de los Incendios Forestales en Espa\u00f1a<\/strong><\/h3>\n\n\n\n<p>En 2023, hasta finales de julio, se han quemado 62.794 hect\u00e1reas, una cifra considerablemente menor que en el mismo per\u00edodo de 2022, gracias en parte a las lluvias de la primavera. Sin embargo, las olas de calor que se han pronosticado para agosto, junto con el abandono rural de los bosques, auguran nuevos retos en la prevenci\u00f3n de incendios. Seg\u00fan la Agencia Estatal de Meteorolog\u00eda (Aemet), el riesgo de incendios es muy alto o extremo en la mayor\u00eda del territorio espa\u00f1ol, lo que exige una vigilancia y preparaci\u00f3n constante.<\/p>\n\n\n\n<hr class=\"wp-block-separator has-alpha-channel-opacity\"\/>\n\n\n\n<h3 class=\"wp-block-heading\"><strong>El Impacto de los Incendios Forestales en los Ecosistemas<\/strong><\/h3>\n\n\n\n<p>Los incendios forestales tienen un impacto devastador en los ecosistemas, que var\u00eda en funci\u00f3n de su frecuencia, intensidad y duraci\u00f3n. Estas son algunas de las consecuencias m\u00e1s relevantes:<\/p>\n\n\n\n<p><strong>1. Impactos Directos:<\/strong><\/p>\n\n\n\n<ul class=\"wp-block-list\">\n<li><strong>Mortalidad de Flora y Fauna:<\/strong> La vegetaci\u00f3n y los animales son las primeras v\u00edctimas del fuego. Las especies que logran sobrevivir a menudo enfrentan la p\u00e9rdida de su h\u00e1bitat natural.<\/li>\n\n\n\n<li><strong>Degradaci\u00f3n del Suelo:<\/strong> El suelo se ve afectado por el calor extremo, lo que reduce su fertilidad y capacidad de regeneraci\u00f3n.<\/li>\n<\/ul>\n\n\n\n<p><strong>2. Impactos Indirectos:<\/strong><\/p>\n\n\n\n<ul class=\"wp-block-list\">\n<li><strong>Migraci\u00f3n y Disminuci\u00f3n de Especies:<\/strong> La alteraci\u00f3n de h\u00e1bitats naturales obliga a las especies a migrar, mientras que otras pueden enfrentar la extinci\u00f3n local.<\/li>\n\n\n\n<li><strong>Erosi\u00f3n y Deslizamientos:<\/strong> La p\u00e9rdida de vegetaci\u00f3n expone el suelo a la erosi\u00f3n, aumentando el riesgo de deslizamientos de tierra.<\/li>\n<\/ul>\n\n\n\n<hr class=\"wp-block-separator has-alpha-channel-opacity\"\/>\n\n\n\n<h3 class=\"wp-block-heading\"><strong>Efectos de los Incendios Forestales en el Suelo<\/strong><\/h3>\n\n\n\n<p>El suelo es uno de los elementos m\u00e1s perjudicados durante un incendio. La estructura del suelo se compacta, reduciendo su capacidad de retenci\u00f3n de agua y porosidad. Esto, a su vez, afecta negativamente la productividad del terreno, al impedir la absorci\u00f3n adecuada de agua y da\u00f1ando la materia org\u00e1nica esencial para la vida vegetal.<\/p>\n\n\n\n<p><strong>Cambios en el Suelo:<\/strong><\/p>\n\n\n\n<ul class=\"wp-block-list\">\n<li>Reducci\u00f3n de la humedad y nutrientes disponibles.<\/li>\n\n\n\n<li>Emisi\u00f3n de gases contaminantes a la atm\u00f3sfera.<\/li>\n\n\n\n<li>Aumento de la escorrent\u00eda superficial, lo que incrementa la erosi\u00f3n.<\/li>\n<\/ul>\n\n\n\n<hr class=\"wp-block-separator has-alpha-channel-opacity\"\/>\n\n\n\n<h3 class=\"wp-block-heading\"><strong>El Aire y la Atm\u00f3sfera: Los Efectos de los Incendios Forestales<\/strong><\/h3>\n\n\n\n<p>Los incendios forestales son una fuente significativa de gases de efecto invernadero, liberando grandes cantidades en un corto per\u00edodo de tiempo. El humo generado por la quema de grandes \u00e1reas forestales no solo afecta la calidad del aire local, sino que tambi\u00e9n tiene un impacto global al contribuir al calentamiento atmosf\u00e9rico. Adem\u00e1s, la visibilidad se reduce dr\u00e1sticamente, afectando la seguridad en carreteras y vuelos.<\/p>\n\n\n\n<hr class=\"wp-block-separator has-alpha-channel-opacity\"\/>\n\n\n\n<h3 class=\"wp-block-heading\"><strong>El Ciclo Hidrol\u00f3gico y los Incendios Forestales<\/strong><\/h3>\n\n\n\n<p>Los incendios afectan cada fase del ciclo hidrol\u00f3gico, desde la intercepci\u00f3n hasta la infiltraci\u00f3n y evapotranspiraci\u00f3n. La p\u00e9rdida de vegetaci\u00f3n altera la capacidad del suelo para retener agua, lo que, combinado con la degradaci\u00f3n del suelo, interfiere en el ciclo natural del agua en cuencas h\u00eddricas, afectando tanto la calidad como la disponibilidad de agua en la regi\u00f3n.<\/p>\n\n\n\n<hr class=\"wp-block-separator has-alpha-channel-opacity\"\/>\n\n\n\n<h3 class=\"wp-block-heading\"><strong>La Importancia de la Gesti\u00f3n Forestal Sostenible en la Prevenci\u00f3n de Incendios<\/strong><\/h3>\n\n\n\n<p>Ante el creciente riesgo de incendios, Airco2 destaca la gesti\u00f3n forestal sostenible como una medida clave para prevenir estos desastres. La gesti\u00f3n proactiva incluye actividades como la limpieza de \u00e1reas forestales, desbroce y pastoreo controlado para reducir el material combustible. Estas acciones no solo preservan los recursos naturales, sino que tambi\u00e9n protegen a las comunidades locales al reducir el riesgo de incendios descontrolados.<\/p>\n\n\n\n<p><strong>Estrategias de Gesti\u00f3n:<\/strong><\/p>\n\n\n\n<ul class=\"wp-block-list\">\n<li><strong>Clareo y Manejo Forestal:<\/strong> Promueve la explotaci\u00f3n sostenible de los recursos naturales, optimizando la salud de los bosques.<\/li>\n\n\n\n<li><strong>Autoprotecci\u00f3n:<\/strong> Fomenta la conservaci\u00f3n de servicios ecosist\u00e9micos, como la protecci\u00f3n de suelos y recursos h\u00eddricos.<\/li>\n<\/ul>\n\n\n\n<hr class=\"wp-block-separator has-alpha-channel-opacity\"\/>\n\n\n\n<h3 class=\"wp-block-heading\"><strong>Acciones para Contribuir a la Prevenci\u00f3n <\/strong><\/h3>\n\n\n\n<p>Todos tenemos un papel en la protecci\u00f3n de nuestros entornos naturales. Aqu\u00ed algunas recomendaciones para contribuir a la prevenci\u00f3n de incendios:<\/p>\n\n\n\n<p><strong>1. No Abandonar Residuos:<\/strong> Los residuos pueden actuar como material combustible, incrementando el riesgo de incendios.<br><strong>2. Evitar Hacer Fuego en Temporada de Riesgo:<\/strong> Un peque\u00f1o descuido puede tener consecuencias devastadoras.<br><strong>3. Evitar el Uso de Herramientas que Generen Chispas:<\/strong> Limita el uso de equipos mec\u00e1nicos como motosierras en \u00e1reas con alta susceptibilidad a incendios.<br><strong>4. Invertir en Gesti\u00f3n Forestal:<\/strong> Si eres propietario de tierras forestales, considera adoptar pr\u00e1cticas sostenibles para la preservaci\u00f3n del ecosistema.<br><strong>5. Reportar Incendios Inmediatamente:<\/strong> La detecci\u00f3n temprana es clave para minimizar los da\u00f1os.<\/p>\n\n\n\n<hr class=\"wp-block-separator has-alpha-channel-opacity\"\/>\n\n\n\n<h3 class=\"wp-block-heading\"><strong> La Urgencia de Prevenir Incendios Forestales<\/strong><\/h3>\n\n\n\n<p>El <strong>D\u00eda Mundial de la Prevenci\u00f3n de Incendios Forestales<\/strong>, celebrado cada 18 de agosto, nos recuerda la importancia de tomar medidas para evitar estos desastres, cuya mayor\u00eda es causada por actividades humanas. Este d\u00eda nos insta a adoptar pr\u00e1cticas responsables y conscientes para proteger nuestros valiosos ecosistemas. Desde evitar dejar basura hasta invertir en gesti\u00f3n forestal sostenible, cada peque\u00f1a acci\u00f3n cuenta para prevenir los incendios y preservar nuestro planeta.<\/p>\n","protected":false},"excerpt":{"rendered":"<p>Este mes de agosto, Espa\u00f1a enfrenta su tercera ola de calor del verano, intensificando el riesgo de incendios forestales. Con m\u00e1s de 270.000 hect\u00e1reas quemadas en 2022 y un preocupante aumento en la frecuencia de estos desastres, es crucial entender c\u00f3mo estos incendios afectan nuestros ecosistemas y qu\u00e9 podemos hacer para mitigarlos. El cambio clim\u00e1tico, [&hellip;]<\/p>\n","protected":false},"author":1,"featured_media":261,"comment_status":"open","ping_status":"open","sticky":false,"template":"","format":"standard","meta":{"_yoast_wpseo_title":"El impacto de los incendios forestales en ecosistemas","_yoast_wpseo_metadesc":"El impacto de los incendios forestales en ecosistemas y c\u00f3mo la gesti\u00f3n forestal sostenible puede prevenir estos desastres","footnotes":""},"categories":[9],"tags":[],"class_list":["post-253","post","type-post","status-publish","format-standard","has-post-thumbnail","hentry","category-experiencia"],"yoast_head":"<!-- This site is optimized with the Yoast SEO plugin v25.6 - https:\/\/yoast.com\/wordpress\/plugins\/seo\/ -->\n<title>El impacto de los incendios forestales en ecosistemas<\/title>\n<meta name=\"description\" content=\"El impacto de los incendios forestales en ecosistemas y c\u00f3mo la gesti\u00f3n forestal sostenible puede prevenir estos desastres\" \/>\n<meta name=\"robots\" content=\"index, follow, max-snippet:-1, max-image-preview:large, max-video-preview:-1\" \/>\n<link rel=\"canonical\" href=\"https:\/\/www.airco2.earth\/blog\/2024\/08\/05\/incendios-forestales-y-su-gran-impacto\/\" \/>\n<meta property=\"og:locale\" content=\"es_ES\" \/>\n<meta property=\"og:type\" content=\"article\" \/>\n<meta property=\"og:title\" content=\"El impacto de los incendios forestales en ecosistemas\" \/>\n<meta property=\"og:description\" content=\"El impacto de los incendios forestales en ecosistemas y c\u00f3mo la gesti\u00f3n forestal sostenible puede prevenir estos desastres\" \/>\n<meta property=\"og:url\" content=\"https:\/\/www.airco2.earth\/blog\/2024\/08\/05\/incendios-forestales-y-su-gran-impacto\/\" \/>\n<meta property=\"og:site_name\" content=\"Blog airCO2\" \/>\n<meta property=\"article:published_time\" content=\"2024-08-05T12:42:34+00:00\" \/>\n<meta property=\"article:modified_time\" content=\"2024-11-11T09:24:36+00:00\" \/>\n<meta property=\"og:image\" content=\"https:\/\/www.airco2.earth\/blog\/wp-content\/uploads\/2024\/08\/pexels-oussama-elhaidi-3454442-5159914-2.jpg\" \/>\n\t<meta property=\"og:image:width\" content=\"1\" \/>\n\t<meta property=\"og:image:height\" content=\"1\" \/>\n\t<meta property=\"og:image:type\" content=\"image\/jpeg\" \/>\n<meta name=\"author\" content=\"airco2\" \/>\n<meta name=\"twitter:card\" content=\"summary_large_image\" \/>\n<meta name=\"twitter:label1\" content=\"Escrito por\" \/>\n\t<meta name=\"twitter:data1\" content=\"airco2\" \/>\n\t<meta name=\"twitter:label2\" content=\"Tiempo de lectura\" \/>\n\t<meta name=\"twitter:data2\" content=\"5 minutos\" \/>\n<script type=\"application\/ld+json\" class=\"yoast-schema-graph\">{\"@context\":\"https:\/\/schema.org\",\"@graph\":[{\"@type\":\"Article\",\"@id\":\"https:\/\/www.airco2.earth\/blog\/2024\/08\/05\/incendios-forestales-y-su-gran-impacto\/#article\",\"isPartOf\":{\"@id\":\"https:\/\/www.airco2.earth\/blog\/2024\/08\/05\/incendios-forestales-y-su-gran-impacto\/\"},\"author\":{\"name\":\"airco2\",\"@id\":\"https:\/\/www.airco2.earth\/blog\/#\/schema\/person\/ef063bb18a0e906fa67453ed27890422\"},\"headline\":\"La Alarma por el Aumento de Incendios Forestales en Espa\u00f1a\",\"datePublished\":\"2024-08-05T12:42:34+00:00\",\"dateModified\":\"2024-11-11T09:24:36+00:00\",\"mainEntityOfPage\":{\"@id\":\"https:\/\/www.airco2.earth\/blog\/2024\/08\/05\/incendios-forestales-y-su-gran-impacto\/\"},\"wordCount\":961,\"commentCount\":0,\"publisher\":{\"@id\":\"https:\/\/www.airco2.earth\/blog\/#organization\"},\"image\":{\"@id\":\"https:\/\/www.airco2.earth\/blog\/2024\/08\/05\/incendios-forestales-y-su-gran-impacto\/#primaryimage\"},\"thumbnailUrl\":\"https:\/\/www.airco2.earth\/blog\/wp-content\/uploads\/2024\/08\/pexels-oussama-elhaidi-3454442-5159914-2.jpg\",\"articleSection\":[\"Experiencia\"],\"inLanguage\":\"es\",\"potentialAction\":[{\"@type\":\"CommentAction\",\"name\":\"Comment\",\"target\":[\"https:\/\/www.airco2.earth\/blog\/2024\/08\/05\/incendios-forestales-y-su-gran-impacto\/#respond\"]}]},{\"@type\":\"WebPage\",\"@id\":\"https:\/\/www.airco2.earth\/blog\/2024\/08\/05\/incendios-forestales-y-su-gran-impacto\/\",\"url\":\"https:\/\/www.airco2.earth\/blog\/2024\/08\/05\/incendios-forestales-y-su-gran-impacto\/\",\"name\":\"El impacto de los incendios forestales en ecosistemas\",\"isPartOf\":{\"@id\":\"https:\/\/www.airco2.earth\/blog\/#website\"},\"primaryImageOfPage\":{\"@id\":\"https:\/\/www.airco2.earth\/blog\/2024\/08\/05\/incendios-forestales-y-su-gran-impacto\/#primaryimage\"},\"image\":{\"@id\":\"https:\/\/www.airco2.earth\/blog\/2024\/08\/05\/incendios-forestales-y-su-gran-impacto\/#primaryimage\"},\"thumbnailUrl\":\"https:\/\/www.airco2.earth\/blog\/wp-content\/uploads\/2024\/08\/pexels-oussama-elhaidi-3454442-5159914-2.jpg\",\"datePublished\":\"2024-08-05T12:42:34+00:00\",\"dateModified\":\"2024-11-11T09:24:36+00:00\",\"description\":\"El impacto de los incendios forestales en ecosistemas y c\u00f3mo la gesti\u00f3n forestal sostenible puede prevenir estos desastres\",\"breadcrumb\":{\"@id\":\"https:\/\/www.airco2.earth\/blog\/2024\/08\/05\/incendios-forestales-y-su-gran-impacto\/#breadcrumb\"},\"inLanguage\":\"es\",\"potentialAction\":[{\"@type\":\"ReadAction\",\"target\":[\"https:\/\/www.airco2.earth\/blog\/2024\/08\/05\/incendios-forestales-y-su-gran-impacto\/\"]}]},{\"@type\":\"ImageObject\",\"inLanguage\":\"es\",\"@id\":\"https:\/\/www.airco2.earth\/blog\/2024\/08\/05\/incendios-forestales-y-su-gran-impacto\/#primaryimage\",\"url\":\"https:\/\/www.airco2.earth\/blog\/wp-content\/uploads\/2024\/08\/pexels-oussama-elhaidi-3454442-5159914-2.jpg\",\"contentUrl\":\"https:\/\/www.airco2.earth\/blog\/wp-content\/uploads\/2024\/08\/pexels-oussama-elhaidi-3454442-5159914-2.jpg\"},{\"@type\":\"BreadcrumbList\",\"@id\":\"https:\/\/www.airco2.earth\/blog\/2024\/08\/05\/incendios-forestales-y-su-gran-impacto\/#breadcrumb\",\"itemListElement\":[{\"@type\":\"ListItem\",\"position\":1,\"name\":\"Portada\",\"item\":\"https:\/\/www.airco2.earth\/blog\/\"},{\"@type\":\"ListItem\",\"position\":2,\"name\":\"La Alarma por el Aumento de Incendios Forestales en Espa\u00f1a\"}]},{\"@type\":\"WebSite\",\"@id\":\"https:\/\/www.airco2.earth\/blog\/#website\",\"url\":\"https:\/\/www.airco2.earth\/blog\/\",\"name\":\"Airco2\",\"description\":\"Noticias y consejos sobre Huella de Carbono\",\"publisher\":{\"@id\":\"https:\/\/www.airco2.earth\/blog\/#organization\"},\"potentialAction\":[{\"@type\":\"SearchAction\",\"target\":{\"@type\":\"EntryPoint\",\"urlTemplate\":\"https:\/\/www.airco2.earth\/blog\/?s={search_term_string}\"},\"query-input\":{\"@type\":\"PropertyValueSpecification\",\"valueRequired\":true,\"valueName\":\"search_term_string\"}}],\"inLanguage\":\"es\"},{\"@type\":\"Organization\",\"@id\":\"https:\/\/www.airco2.earth\/blog\/#organization\",\"name\":\"Airco2\",\"url\":\"https:\/\/www.airco2.earth\/blog\/\",\"logo\":{\"@type\":\"ImageObject\",\"inLanguage\":\"es\",\"@id\":\"https:\/\/www.airco2.earth\/blog\/#\/schema\/logo\/image\/\",\"url\":\"\",\"contentUrl\":\"\",\"caption\":\"Airco2\"},\"image\":{\"@id\":\"https:\/\/www.airco2.earth\/blog\/#\/schema\/logo\/image\/\"},\"sameAs\":[\"https:\/\/www.instagram.com\/airco2_fintech\/?hl=es\",\"https:\/\/www.linkedin.com\/products\/airco2-carbon-manager\/?trk=organization_guest_main_product_card\"]},{\"@type\":\"Person\",\"@id\":\"https:\/\/www.airco2.earth\/blog\/#\/schema\/person\/ef063bb18a0e906fa67453ed27890422\",\"name\":\"airco2\",\"image\":{\"@type\":\"ImageObject\",\"inLanguage\":\"es\",\"@id\":\"https:\/\/www.airco2.earth\/blog\/#\/schema\/person\/image\/\",\"url\":\"https:\/\/secure.gravatar.com\/avatar\/6cc7b3398f8c011883a3f1a23d269c17?s=96&d=mm&r=g\",\"contentUrl\":\"https:\/\/secure.gravatar.com\/avatar\/6cc7b3398f8c011883a3f1a23d269c17?s=96&d=mm&r=g\",\"caption\":\"airco2\"},\"sameAs\":[\"https:\/\/www.airco2.earth\/blog\"],\"url\":\"https:\/\/www.airco2.earth\/blog\/author\/airco2\/\"}]}<\/script>\n<!-- \/ Yoast SEO plugin. -->","yoast_head_json":{"title":"El impacto de los incendios forestales en ecosistemas","description":"El impacto de los incendios forestales en ecosistemas y c\u00f3mo la gesti\u00f3n forestal sostenible puede prevenir estos desastres","robots":{"index":"index","follow":"follow","max-snippet":"max-snippet:-1","max-image-preview":"max-image-preview:large","max-video-preview":"max-video-preview:-1"},"canonical":"https:\/\/www.airco2.earth\/blog\/2024\/08\/05\/incendios-forestales-y-su-gran-impacto\/","og_locale":"es_ES","og_type":"article","og_title":"El impacto de los incendios forestales en ecosistemas","og_description":"El impacto de los incendios forestales en ecosistemas y c\u00f3mo la gesti\u00f3n forestal sostenible puede prevenir estos desastres","og_url":"https:\/\/www.airco2.earth\/blog\/2024\/08\/05\/incendios-forestales-y-su-gran-impacto\/","og_site_name":"Blog airCO2","article_published_time":"2024-08-05T12:42:34+00:00","article_modified_time":"2024-11-11T09:24:36+00:00","og_image":[{"url":"https:\/\/www.airco2.earth\/blog\/wp-content\/uploads\/2024\/08\/pexels-oussama-elhaidi-3454442-5159914-2.jpg","width":1,"height":1,"type":"image\/jpeg"}],"author":"airco2","twitter_card":"summary_large_image","twitter_misc":{"Escrito por":"airco2","Tiempo de lectura":"5 minutos"},"schema":{"@context":"https:\/\/schema.org","@graph":[{"@type":"Article","@id":"https:\/\/www.airco2.earth\/blog\/2024\/08\/05\/incendios-forestales-y-su-gran-impacto\/#article","isPartOf":{"@id":"https:\/\/www.airco2.earth\/blog\/2024\/08\/05\/incendios-forestales-y-su-gran-impacto\/"},"author":{"name":"airco2","@id":"https:\/\/www.airco2.earth\/blog\/#\/schema\/person\/ef063bb18a0e906fa67453ed27890422"},"headline":"La Alarma por el Aumento de Incendios Forestales en Espa\u00f1a","datePublished":"2024-08-05T12:42:34+00:00","dateModified":"2024-11-11T09:24:36+00:00","mainEntityOfPage":{"@id":"https:\/\/www.airco2.earth\/blog\/2024\/08\/05\/incendios-forestales-y-su-gran-impacto\/"},"wordCount":961,"commentCount":0,"publisher":{"@id":"https:\/\/www.airco2.earth\/blog\/#organization"},"image":{"@id":"https:\/\/www.airco2.earth\/blog\/2024\/08\/05\/incendios-forestales-y-su-gran-impacto\/#primaryimage"},"thumbnailUrl":"https:\/\/www.airco2.earth\/blog\/wp-content\/uploads\/2024\/08\/pexels-oussama-elhaidi-3454442-5159914-2.jpg","articleSection":["Experiencia"],"inLanguage":"es","potentialAction":[{"@type":"CommentAction","name":"Comment","target":["https:\/\/www.airco2.earth\/blog\/2024\/08\/05\/incendios-forestales-y-su-gran-impacto\/#respond"]}]},{"@type":"WebPage","@id":"https:\/\/www.airco2.earth\/blog\/2024\/08\/05\/incendios-forestales-y-su-gran-impacto\/","url":"https:\/\/www.airco2.earth\/blog\/2024\/08\/05\/incendios-forestales-y-su-gran-impacto\/","name":"El impacto de los incendios forestales en ecosistemas","isPartOf":{"@id":"https:\/\/www.airco2.earth\/blog\/#website"},"primaryImageOfPage":{"@id":"https:\/\/www.airco2.earth\/blog\/2024\/08\/05\/incendios-forestales-y-su-gran-impacto\/#primaryimage"},"image":{"@id":"https:\/\/www.airco2.earth\/blog\/2024\/08\/05\/incendios-forestales-y-su-gran-impacto\/#primaryimage"},"thumbnailUrl":"https:\/\/www.airco2.earth\/blog\/wp-content\/uploads\/2024\/08\/pexels-oussama-elhaidi-3454442-5159914-2.jpg","datePublished":"2024-08-05T12:42:34+00:00","dateModified":"2024-11-11T09:24:36+00:00","description":"El impacto de los incendios forestales en ecosistemas y c\u00f3mo la gesti\u00f3n forestal sostenible puede prevenir estos desastres","breadcrumb":{"@id":"https:\/\/www.airco2.earth\/blog\/2024\/08\/05\/incendios-forestales-y-su-gran-impacto\/#breadcrumb"},"inLanguage":"es","potentialAction":[{"@type":"ReadAction","target":["https:\/\/www.airco2.earth\/blog\/2024\/08\/05\/incendios-forestales-y-su-gran-impacto\/"]}]},{"@type":"ImageObject","inLanguage":"es","@id":"https:\/\/www.airco2.earth\/blog\/2024\/08\/05\/incendios-forestales-y-su-gran-impacto\/#primaryimage","url":"https:\/\/www.airco2.earth\/blog\/wp-content\/uploads\/2024\/08\/pexels-oussama-elhaidi-3454442-5159914-2.jpg","contentUrl":"https:\/\/www.airco2.earth\/blog\/wp-content\/uploads\/2024\/08\/pexels-oussama-elhaidi-3454442-5159914-2.jpg"},{"@type":"BreadcrumbList","@id":"https:\/\/www.airco2.earth\/blog\/2024\/08\/05\/incendios-forestales-y-su-gran-impacto\/#breadcrumb","itemListElement":[{"@type":"ListItem","position":1,"name":"Portada","item":"https:\/\/www.airco2.earth\/blog\/"},{"@type":"ListItem","position":2,"name":"La Alarma por el Aumento de Incendios Forestales en Espa\u00f1a"}]},{"@type":"WebSite","@id":"https:\/\/www.airco2.earth\/blog\/#website","url":"https:\/\/www.airco2.earth\/blog\/","name":"Airco2","description":"Noticias y consejos sobre Huella de Carbono","publisher":{"@id":"https:\/\/www.airco2.earth\/blog\/#organization"},"potentialAction":[{"@type":"SearchAction","target":{"@type":"EntryPoint","urlTemplate":"https:\/\/www.airco2.earth\/blog\/?s={search_term_string}"},"query-input":{"@type":"PropertyValueSpecification","valueRequired":true,"valueName":"search_term_string"}}],"inLanguage":"es"},{"@type":"Organization","@id":"https:\/\/www.airco2.earth\/blog\/#organization","name":"Airco2","url":"https:\/\/www.airco2.earth\/blog\/","logo":{"@type":"ImageObject","inLanguage":"es","@id":"https:\/\/www.airco2.earth\/blog\/#\/schema\/logo\/image\/","url":"","contentUrl":"","caption":"Airco2"},"image":{"@id":"https:\/\/www.airco2.earth\/blog\/#\/schema\/logo\/image\/"},"sameAs":["https:\/\/www.instagram.com\/airco2_fintech\/?hl=es","https:\/\/www.linkedin.com\/products\/airco2-carbon-manager\/?trk=organization_guest_main_product_card"]},{"@type":"Person","@id":"https:\/\/www.airco2.earth\/blog\/#\/schema\/person\/ef063bb18a0e906fa67453ed27890422","name":"airco2","image":{"@type":"ImageObject","inLanguage":"es","@id":"https:\/\/www.airco2.earth\/blog\/#\/schema\/person\/image\/","url":"https:\/\/secure.gravatar.com\/avatar\/6cc7b3398f8c011883a3f1a23d269c17?s=96&d=mm&r=g","contentUrl":"https:\/\/secure.gravatar.com\/avatar\/6cc7b3398f8c011883a3f1a23d269c17?s=96&d=mm&r=g","caption":"airco2"},"sameAs":["https:\/\/www.airco2.earth\/blog"],"url":"https:\/\/www.airco2.earth\/blog\/author\/airco2\/"}]}},"_links":{"self":[{"href":"https:\/\/www.airco2.earth\/blog\/wp-json\/wp\/v2\/posts\/253"}],"collection":[{"href":"https:\/\/www.airco2.earth\/blog\/wp-json\/wp\/v2\/posts"}],"about":[{"href":"https:\/\/www.airco2.earth\/blog\/wp-json\/wp\/v2\/types\/post"}],"author":[{"embeddable":true,"href":"https:\/\/www.airco2.earth\/blog\/wp-json\/wp\/v2\/users\/1"}],"replies":[{"embeddable":true,"href":"https:\/\/www.airco2.earth\/blog\/wp-json\/wp\/v2\/comments?post=253"}],"version-history":[{"count":2,"href":"https:\/\/www.airco2.earth\/blog\/wp-json\/wp\/v2\/posts\/253\/revisions"}],"predecessor-version":[{"id":569,"href":"https:\/\/www.airco2.earth\/blog\/wp-json\/wp\/v2\/posts\/253\/revisions\/569"}],"wp:featuredmedia":[{"embeddable":true,"href":"https:\/\/www.airco2.earth\/blog\/wp-json\/wp\/v2\/media\/261"}],"wp:attachment":[{"href":"https:\/\/www.airco2.earth\/blog\/wp-json\/wp\/v2\/media?parent=253"}],"wp:term":[{"taxonomy":"category","embeddable":true,"href":"https:\/\/www.airco2.earth\/blog\/wp-json\/wp\/v2\/categories?post=253"},{"taxonomy":"post_tag","embeddable":true,"href":"https:\/\/www.airco2.earth\/blog\/wp-json\/wp\/v2\/tags?post=253"}],"curies":[{"name":"wp","href":"https:\/\/api.w.org\/{rel}","templated":true}]}}