{"id":258,"date":"2024-08-05T14:44:47","date_gmt":"2024-08-05T12:44:47","guid":{"rendered":"https:\/\/web.dev.airco2.eu\/blog\/?p=258"},"modified":"2024-08-23T17:59:37","modified_gmt":"2024-08-23T15:59:37","slug":"airco2-contribucion-desarrollo-sostenible-agenda-2030","status":"publish","type":"post","link":"https:\/\/www.airco2.earth\/blog\/2024\/08\/05\/airco2-contribucion-desarrollo-sostenible-agenda-2030\/","title":{"rendered":"\u00bfCu\u00e1les son los Objetivos de Desarrollo Sostenible?"},"content":{"rendered":"\n<p>El desarrollo sostenible ha tenido una larga evoluci\u00f3n desde su primera conceptualizaci\u00f3n en el&nbsp;<em>informe de la Comisi\u00f3n de las Naciones Unidas<\/em>&nbsp;en 1987, conocido como&nbsp;<em>Informe Brundtland<\/em>. Este informe sent\u00f3 las bases para la comprensi\u00f3n de que el desarrollo humano debe equilibrarse, garantizando as\u00ed un futuro pr\u00f3spero para las futuras generaciones.<\/p>\n\n\n\n<p>Desde entonces, el desarrollo sostenible ha sido uno de los principales ejes en la agenda internacional. En 2015, la adopci\u00f3n de la&nbsp;<a href=\"https:\/\/www.un.org\/sustainabledevelopment\/\" rel=\"noreferrer noopener\" target=\"_blank\">Agenda 2030<\/a>&nbsp;para el Desarrollo Sostenible por parte de las Naciones Unidas marc\u00f3 un antes y un despu\u00e9s. En esta agenda se establecen&nbsp;<strong>17 Objetivos de Desarrollo Sostenible (ODS), que act\u00faan como un mapa detallado<\/strong>&nbsp;para que los pa\u00edses miembros aborden los desaf\u00edos globales,.<\/p>\n\n\n\n<p>Los ODS abarcan tres dimensiones fundamentales del desarrollo sostenible: econ\u00f3mica, medioambiental y social. Estas dimensiones est\u00e1n interconectadas y son interdependientes, lo que significa que abordar una sin considerar las otras puede resultar insuficiente para lograr un progreso real y duradero.<\/p>\n\n\n\n<ul class=\"wp-block-list\">\n<li><strong>Sostenibilidad Medioambiental<\/strong>: Reconoce el l\u00edmite de los recursos naturales y la importancia de conservar la biodiversidad y mitigar el cambio clim\u00e1tico. Busca garantizar que la demanda humana sobre los recursos naturales no supere la capacidad de regeneraci\u00f3n del planeta.<\/li>\n\n\n\n<li><strong>Sostenibilidad Social<\/strong>: Destaca la importancia de promover sociedades justas e inclusivas, donde se respeten los derechos humanos, se combata la discriminaci\u00f3n y se reduzcan las desigualdades en todas sus formas.<\/li>\n<\/ul>\n\n\n\n<ul class=\"wp-block-list\">\n<li><strong>Sostenibilidad Econ\u00f3mica<\/strong>: La necesidad de un crecimiento econ\u00f3mico que no solo sea cuantitativo, sino tambi\u00e9n cualitativo y equitativo. Esto implica impulsar la prosperidad econ\u00f3mica sin comprometer los recursos futuros ni perpetuar la desigualdad.<\/li>\n<\/ul>\n\n\n\n<p>Los ODS no son solo responsabilidad de los gobiernos. Las empresas y la sociedad civil tambi\u00e9n desempe\u00f1an un papel fundamental en su implementaci\u00f3n. Las empresas, en particular, tienen la capacidad de generar un impacto significativo en estos objetivos a trav\u00e9s de sus operaciones, productos y pr\u00e1cticas comerciales.<\/p>\n\n\n\n<p>Airco2, una empresa comprometida con la sostenibilidad ambiental, contribuye directamente a varios ODS a trav\u00e9s de sus servicios:<\/p>\n\n\n\n<ul class=\"wp-block-list\">\n<li><strong>ODS 11 Ciudades y Comunidades Sostenibles<\/strong>: Airco2 ayuda a las empresas a comprender y reducir su impacto ambiental, lo que es esencial para construir ciudades y comunidades m\u00e1s sostenibles.<\/li>\n\n\n\n<li><strong>ODS 12 Producci\u00f3n y Consumo Responsables<\/strong>: Analizando la huella de carbono de las empresas y optimizando el ciclo de vida de sus productos, Airco2 fomenta la producci\u00f3n y el consumo responsables.<\/li>\n\n\n\n<li><strong>ODS 13 Acci\u00f3n por el Clima<\/strong>: Airco2 colabora con las empresas en el c\u00e1lculo, reducci\u00f3n y compensaci\u00f3n de su impacto ambiental, promoviendo la acci\u00f3n clim\u00e1tica y la neutralidad de carbono.<\/li>\n<\/ul>\n\n\n\n<p>Es importante destacar que la colaboraci\u00f3n entre empresas, gobiernos y sociedad civil es fundamental. La transici\u00f3n hacia un futuro sostenible requerir\u00e1 un esfuerzo conjunto y coordinado de todos los actores involucrados.<\/p>\n\n\n\n<p>En resumen, los&nbsp;<strong>Objetivos de Desarrollo Sostenible<\/strong>&nbsp;representan un compromiso global para construir un mundo m\u00e1s equitativo, pr\u00f3spero y sostenible para las generaciones presentes y futuras.&nbsp;<\/p>\n\n\n\n<p>Toma el control y&nbsp;<a href=\"https:\/\/www.airco2.earth\/\" target=\"_blank\" rel=\"noreferrer noopener\">calcula tu huella de carbono<\/a>&nbsp;con la ayuda de nuestros expertos.<\/p>\n\n\n\n<p><\/p>\n","protected":false},"excerpt":{"rendered":"<p>El desarrollo sostenible ha tenido una larga evoluci\u00f3n desde su primera conceptualizaci\u00f3n en el&nbsp;informe de la Comisi\u00f3n de las Naciones Unidas&nbsp;en 1987, conocido como&nbsp;Informe Brundtland. Este informe sent\u00f3 las bases para la comprensi\u00f3n de que el desarrollo humano debe equilibrarse, garantizando as\u00ed un futuro pr\u00f3spero para las futuras generaciones. Desde entonces, el desarrollo sostenible ha [&hellip;]<\/p>\n","protected":false},"author":1,"featured_media":265,"comment_status":"open","ping_status":"open","sticky":false,"template":"","format":"standard","meta":{"_yoast_wpseo_title":"Airco2 Contribuye al Desarrollo Sostenible y a la Agenda 2030","_yoast_wpseo_metadesc":"Airco2 impulsa el desarrollo sostenible aline\u00e1ndose con los Objetivos de Desarrollo Sostenible de la Agenda 2030","footnotes":""},"categories":[6,10],"tags":[],"class_list":["post-258","post","type-post","status-publish","format-standard","has-post-thumbnail","hentry","category-reduccion","category-sostenibilidad"],"yoast_head":"<!-- This site is optimized with the Yoast SEO plugin v25.6 - https:\/\/yoast.com\/wordpress\/plugins\/seo\/ -->\n<title>Airco2 Contribuye al Desarrollo Sostenible y a la Agenda 2030<\/title>\n<meta name=\"description\" content=\"Airco2 impulsa el desarrollo sostenible aline\u00e1ndose con los Objetivos de Desarrollo Sostenible de la Agenda 2030\" \/>\n<meta name=\"robots\" content=\"index, follow, max-snippet:-1, max-image-preview:large, max-video-preview:-1\" \/>\n<link rel=\"canonical\" href=\"https:\/\/www.airco2.earth\/blog\/2024\/08\/05\/airco2-contribucion-desarrollo-sostenible-agenda-2030\/\" \/>\n<meta property=\"og:locale\" content=\"es_ES\" \/>\n<meta property=\"og:type\" content=\"article\" \/>\n<meta property=\"og:title\" content=\"Airco2 Contribuye al Desarrollo Sostenible y a la Agenda 2030\" \/>\n<meta property=\"og:description\" content=\"Airco2 impulsa el desarrollo sostenible aline\u00e1ndose con los Objetivos de Desarrollo Sostenible de la Agenda 2030\" \/>\n<meta property=\"og:url\" content=\"https:\/\/www.airco2.earth\/blog\/2024\/08\/05\/airco2-contribucion-desarrollo-sostenible-agenda-2030\/\" \/>\n<meta property=\"og:site_name\" content=\"Blog airCO2\" \/>\n<meta property=\"article:published_time\" content=\"2024-08-05T12:44:47+00:00\" \/>\n<meta property=\"article:modified_time\" content=\"2024-08-23T15:59:37+00:00\" \/>\n<meta property=\"og:image\" content=\"https:\/\/www.airco2.earth\/blog\/wp-content\/uploads\/2024\/08\/ODS-1.webp\" \/>\n\t<meta property=\"og:image:width\" content=\"835\" \/>\n\t<meta property=\"og:image:height\" content=\"756\" \/>\n\t<meta property=\"og:image:type\" content=\"image\/webp\" \/>\n<meta name=\"author\" content=\"airco2\" \/>\n<meta name=\"twitter:card\" content=\"summary_large_image\" \/>\n<meta name=\"twitter:label1\" content=\"Escrito por\" \/>\n\t<meta name=\"twitter:data1\" content=\"airco2\" \/>\n\t<meta name=\"twitter:label2\" content=\"Tiempo de lectura\" \/>\n\t<meta name=\"twitter:data2\" content=\"3 minutos\" \/>\n<script type=\"application\/ld+json\" class=\"yoast-schema-graph\">{\"@context\":\"https:\/\/schema.org\",\"@graph\":[{\"@type\":\"Article\",\"@id\":\"https:\/\/www.airco2.earth\/blog\/2024\/08\/05\/airco2-contribucion-desarrollo-sostenible-agenda-2030\/#article\",\"isPartOf\":{\"@id\":\"https:\/\/www.airco2.earth\/blog\/2024\/08\/05\/airco2-contribucion-desarrollo-sostenible-agenda-2030\/\"},\"author\":{\"name\":\"airco2\",\"@id\":\"https:\/\/www.airco2.earth\/blog\/#\/schema\/person\/ef063bb18a0e906fa67453ed27890422\"},\"headline\":\"\u00bfCu\u00e1les son los Objetivos de Desarrollo Sostenible?\",\"datePublished\":\"2024-08-05T12:44:47+00:00\",\"dateModified\":\"2024-08-23T15:59:37+00:00\",\"mainEntityOfPage\":{\"@id\":\"https:\/\/www.airco2.earth\/blog\/2024\/08\/05\/airco2-contribucion-desarrollo-sostenible-agenda-2030\/\"},\"wordCount\":539,\"commentCount\":0,\"publisher\":{\"@id\":\"https:\/\/www.airco2.earth\/blog\/#organization\"},\"image\":{\"@id\":\"https:\/\/www.airco2.earth\/blog\/2024\/08\/05\/airco2-contribucion-desarrollo-sostenible-agenda-2030\/#primaryimage\"},\"thumbnailUrl\":\"https:\/\/www.airco2.earth\/blog\/wp-content\/uploads\/2024\/08\/ODS-1.webp\",\"articleSection\":[\"Reducci\u00f3n\",\"Sostenibilidad\"],\"inLanguage\":\"es\",\"potentialAction\":[{\"@type\":\"CommentAction\",\"name\":\"Comment\",\"target\":[\"https:\/\/www.airco2.earth\/blog\/2024\/08\/05\/airco2-contribucion-desarrollo-sostenible-agenda-2030\/#respond\"]}]},{\"@type\":\"WebPage\",\"@id\":\"https:\/\/www.airco2.earth\/blog\/2024\/08\/05\/airco2-contribucion-desarrollo-sostenible-agenda-2030\/\",\"url\":\"https:\/\/www.airco2.earth\/blog\/2024\/08\/05\/airco2-contribucion-desarrollo-sostenible-agenda-2030\/\",\"name\":\"Airco2 Contribuye al Desarrollo Sostenible y a la Agenda 2030\",\"isPartOf\":{\"@id\":\"https:\/\/www.airco2.earth\/blog\/#website\"},\"primaryImageOfPage\":{\"@id\":\"https:\/\/www.airco2.earth\/blog\/2024\/08\/05\/airco2-contribucion-desarrollo-sostenible-agenda-2030\/#primaryimage\"},\"image\":{\"@id\":\"https:\/\/www.airco2.earth\/blog\/2024\/08\/05\/airco2-contribucion-desarrollo-sostenible-agenda-2030\/#primaryimage\"},\"thumbnailUrl\":\"https:\/\/www.airco2.earth\/blog\/wp-content\/uploads\/2024\/08\/ODS-1.webp\",\"datePublished\":\"2024-08-05T12:44:47+00:00\",\"dateModified\":\"2024-08-23T15:59:37+00:00\",\"description\":\"Airco2 impulsa el desarrollo sostenible aline\u00e1ndose con los Objetivos de Desarrollo Sostenible de la Agenda 2030\",\"breadcrumb\":{\"@id\":\"https:\/\/www.airco2.earth\/blog\/2024\/08\/05\/airco2-contribucion-desarrollo-sostenible-agenda-2030\/#breadcrumb\"},\"inLanguage\":\"es\",\"potentialAction\":[{\"@type\":\"ReadAction\",\"target\":[\"https:\/\/www.airco2.earth\/blog\/2024\/08\/05\/airco2-contribucion-desarrollo-sostenible-agenda-2030\/\"]}]},{\"@type\":\"ImageObject\",\"inLanguage\":\"es\",\"@id\":\"https:\/\/www.airco2.earth\/blog\/2024\/08\/05\/airco2-contribucion-desarrollo-sostenible-agenda-2030\/#primaryimage\",\"url\":\"https:\/\/www.airco2.earth\/blog\/wp-content\/uploads\/2024\/08\/ODS-1.webp\",\"contentUrl\":\"https:\/\/www.airco2.earth\/blog\/wp-content\/uploads\/2024\/08\/ODS-1.webp\",\"width\":835,\"height\":756},{\"@type\":\"BreadcrumbList\",\"@id\":\"https:\/\/www.airco2.earth\/blog\/2024\/08\/05\/airco2-contribucion-desarrollo-sostenible-agenda-2030\/#breadcrumb\",\"itemListElement\":[{\"@type\":\"ListItem\",\"position\":1,\"name\":\"Portada\",\"item\":\"https:\/\/www.airco2.earth\/blog\/\"},{\"@type\":\"ListItem\",\"position\":2,\"name\":\"\u00bfCu\u00e1les son los Objetivos de Desarrollo Sostenible?\"}]},{\"@type\":\"WebSite\",\"@id\":\"https:\/\/www.airco2.earth\/blog\/#website\",\"url\":\"https:\/\/www.airco2.earth\/blog\/\",\"name\":\"Airco2\",\"description\":\"Noticias y consejos sobre Huella de Carbono\",\"publisher\":{\"@id\":\"https:\/\/www.airco2.earth\/blog\/#organization\"},\"potentialAction\":[{\"@type\":\"SearchAction\",\"target\":{\"@type\":\"EntryPoint\",\"urlTemplate\":\"https:\/\/www.airco2.earth\/blog\/?s={search_term_string}\"},\"query-input\":{\"@type\":\"PropertyValueSpecification\",\"valueRequired\":true,\"valueName\":\"search_term_string\"}}],\"inLanguage\":\"es\"},{\"@type\":\"Organization\",\"@id\":\"https:\/\/www.airco2.earth\/blog\/#organization\",\"name\":\"Airco2\",\"url\":\"https:\/\/www.airco2.earth\/blog\/\",\"logo\":{\"@type\":\"ImageObject\",\"inLanguage\":\"es\",\"@id\":\"https:\/\/www.airco2.earth\/blog\/#\/schema\/logo\/image\/\",\"url\":\"\",\"contentUrl\":\"\",\"caption\":\"Airco2\"},\"image\":{\"@id\":\"https:\/\/www.airco2.earth\/blog\/#\/schema\/logo\/image\/\"},\"sameAs\":[\"https:\/\/www.instagram.com\/airco2_fintech\/?hl=es\",\"https:\/\/www.linkedin.com\/products\/airco2-carbon-manager\/?trk=organization_guest_main_product_card\"]},{\"@type\":\"Person\",\"@id\":\"https:\/\/www.airco2.earth\/blog\/#\/schema\/person\/ef063bb18a0e906fa67453ed27890422\",\"name\":\"airco2\",\"image\":{\"@type\":\"ImageObject\",\"inLanguage\":\"es\",\"@id\":\"https:\/\/www.airco2.earth\/blog\/#\/schema\/person\/image\/\",\"url\":\"https:\/\/secure.gravatar.com\/avatar\/6cc7b3398f8c011883a3f1a23d269c17?s=96&d=mm&r=g\",\"contentUrl\":\"https:\/\/secure.gravatar.com\/avatar\/6cc7b3398f8c011883a3f1a23d269c17?s=96&d=mm&r=g\",\"caption\":\"airco2\"},\"sameAs\":[\"https:\/\/www.airco2.earth\/blog\"],\"url\":\"https:\/\/www.airco2.earth\/blog\/author\/airco2\/\"}]}<\/script>\n<!-- \/ Yoast SEO plugin. -->","yoast_head_json":{"title":"Airco2 Contribuye al Desarrollo Sostenible y a la Agenda 2030","description":"Airco2 impulsa el desarrollo sostenible aline\u00e1ndose con los Objetivos de Desarrollo Sostenible de la Agenda 2030","robots":{"index":"index","follow":"follow","max-snippet":"max-snippet:-1","max-image-preview":"max-image-preview:large","max-video-preview":"max-video-preview:-1"},"canonical":"https:\/\/www.airco2.earth\/blog\/2024\/08\/05\/airco2-contribucion-desarrollo-sostenible-agenda-2030\/","og_locale":"es_ES","og_type":"article","og_title":"Airco2 Contribuye al Desarrollo Sostenible y a la Agenda 2030","og_description":"Airco2 impulsa el desarrollo sostenible aline\u00e1ndose con los Objetivos de Desarrollo Sostenible de la Agenda 2030","og_url":"https:\/\/www.airco2.earth\/blog\/2024\/08\/05\/airco2-contribucion-desarrollo-sostenible-agenda-2030\/","og_site_name":"Blog airCO2","article_published_time":"2024-08-05T12:44:47+00:00","article_modified_time":"2024-08-23T15:59:37+00:00","og_image":[{"width":835,"height":756,"url":"https:\/\/www.airco2.earth\/blog\/wp-content\/uploads\/2024\/08\/ODS-1.webp","type":"image\/webp"}],"author":"airco2","twitter_card":"summary_large_image","twitter_misc":{"Escrito por":"airco2","Tiempo de lectura":"3 minutos"},"schema":{"@context":"https:\/\/schema.org","@graph":[{"@type":"Article","@id":"https:\/\/www.airco2.earth\/blog\/2024\/08\/05\/airco2-contribucion-desarrollo-sostenible-agenda-2030\/#article","isPartOf":{"@id":"https:\/\/www.airco2.earth\/blog\/2024\/08\/05\/airco2-contribucion-desarrollo-sostenible-agenda-2030\/"},"author":{"name":"airco2","@id":"https:\/\/www.airco2.earth\/blog\/#\/schema\/person\/ef063bb18a0e906fa67453ed27890422"},"headline":"\u00bfCu\u00e1les son los Objetivos de Desarrollo Sostenible?","datePublished":"2024-08-05T12:44:47+00:00","dateModified":"2024-08-23T15:59:37+00:00","mainEntityOfPage":{"@id":"https:\/\/www.airco2.earth\/blog\/2024\/08\/05\/airco2-contribucion-desarrollo-sostenible-agenda-2030\/"},"wordCount":539,"commentCount":0,"publisher":{"@id":"https:\/\/www.airco2.earth\/blog\/#organization"},"image":{"@id":"https:\/\/www.airco2.earth\/blog\/2024\/08\/05\/airco2-contribucion-desarrollo-sostenible-agenda-2030\/#primaryimage"},"thumbnailUrl":"https:\/\/www.airco2.earth\/blog\/wp-content\/uploads\/2024\/08\/ODS-1.webp","articleSection":["Reducci\u00f3n","Sostenibilidad"],"inLanguage":"es","potentialAction":[{"@type":"CommentAction","name":"Comment","target":["https:\/\/www.airco2.earth\/blog\/2024\/08\/05\/airco2-contribucion-desarrollo-sostenible-agenda-2030\/#respond"]}]},{"@type":"WebPage","@id":"https:\/\/www.airco2.earth\/blog\/2024\/08\/05\/airco2-contribucion-desarrollo-sostenible-agenda-2030\/","url":"https:\/\/www.airco2.earth\/blog\/2024\/08\/05\/airco2-contribucion-desarrollo-sostenible-agenda-2030\/","name":"Airco2 Contribuye al Desarrollo Sostenible y a la Agenda 2030","isPartOf":{"@id":"https:\/\/www.airco2.earth\/blog\/#website"},"primaryImageOfPage":{"@id":"https:\/\/www.airco2.earth\/blog\/2024\/08\/05\/airco2-contribucion-desarrollo-sostenible-agenda-2030\/#primaryimage"},"image":{"@id":"https:\/\/www.airco2.earth\/blog\/2024\/08\/05\/airco2-contribucion-desarrollo-sostenible-agenda-2030\/#primaryimage"},"thumbnailUrl":"https:\/\/www.airco2.earth\/blog\/wp-content\/uploads\/2024\/08\/ODS-1.webp","datePublished":"2024-08-05T12:44:47+00:00","dateModified":"2024-08-23T15:59:37+00:00","description":"Airco2 impulsa el desarrollo sostenible aline\u00e1ndose con los Objetivos de Desarrollo Sostenible de la Agenda 2030","breadcrumb":{"@id":"https:\/\/www.airco2.earth\/blog\/2024\/08\/05\/airco2-contribucion-desarrollo-sostenible-agenda-2030\/#breadcrumb"},"inLanguage":"es","potentialAction":[{"@type":"ReadAction","target":["https:\/\/www.airco2.earth\/blog\/2024\/08\/05\/airco2-contribucion-desarrollo-sostenible-agenda-2030\/"]}]},{"@type":"ImageObject","inLanguage":"es","@id":"https:\/\/www.airco2.earth\/blog\/2024\/08\/05\/airco2-contribucion-desarrollo-sostenible-agenda-2030\/#primaryimage","url":"https:\/\/www.airco2.earth\/blog\/wp-content\/uploads\/2024\/08\/ODS-1.webp","contentUrl":"https:\/\/www.airco2.earth\/blog\/wp-content\/uploads\/2024\/08\/ODS-1.webp","width":835,"height":756},{"@type":"BreadcrumbList","@id":"https:\/\/www.airco2.earth\/blog\/2024\/08\/05\/airco2-contribucion-desarrollo-sostenible-agenda-2030\/#breadcrumb","itemListElement":[{"@type":"ListItem","position":1,"name":"Portada","item":"https:\/\/www.airco2.earth\/blog\/"},{"@type":"ListItem","position":2,"name":"\u00bfCu\u00e1les son los Objetivos de Desarrollo Sostenible?"}]},{"@type":"WebSite","@id":"https:\/\/www.airco2.earth\/blog\/#website","url":"https:\/\/www.airco2.earth\/blog\/","name":"Airco2","description":"Noticias y consejos sobre Huella de Carbono","publisher":{"@id":"https:\/\/www.airco2.earth\/blog\/#organization"},"potentialAction":[{"@type":"SearchAction","target":{"@type":"EntryPoint","urlTemplate":"https:\/\/www.airco2.earth\/blog\/?s={search_term_string}"},"query-input":{"@type":"PropertyValueSpecification","valueRequired":true,"valueName":"search_term_string"}}],"inLanguage":"es"},{"@type":"Organization","@id":"https:\/\/www.airco2.earth\/blog\/#organization","name":"Airco2","url":"https:\/\/www.airco2.earth\/blog\/","logo":{"@type":"ImageObject","inLanguage":"es","@id":"https:\/\/www.airco2.earth\/blog\/#\/schema\/logo\/image\/","url":"","contentUrl":"","caption":"Airco2"},"image":{"@id":"https:\/\/www.airco2.earth\/blog\/#\/schema\/logo\/image\/"},"sameAs":["https:\/\/www.instagram.com\/airco2_fintech\/?hl=es","https:\/\/www.linkedin.com\/products\/airco2-carbon-manager\/?trk=organization_guest_main_product_card"]},{"@type":"Person","@id":"https:\/\/www.airco2.earth\/blog\/#\/schema\/person\/ef063bb18a0e906fa67453ed27890422","name":"airco2","image":{"@type":"ImageObject","inLanguage":"es","@id":"https:\/\/www.airco2.earth\/blog\/#\/schema\/person\/image\/","url":"https:\/\/secure.gravatar.com\/avatar\/6cc7b3398f8c011883a3f1a23d269c17?s=96&d=mm&r=g","contentUrl":"https:\/\/secure.gravatar.com\/avatar\/6cc7b3398f8c011883a3f1a23d269c17?s=96&d=mm&r=g","caption":"airco2"},"sameAs":["https:\/\/www.airco2.earth\/blog"],"url":"https:\/\/www.airco2.earth\/blog\/author\/airco2\/"}]}},"_links":{"self":[{"href":"https:\/\/www.airco2.earth\/blog\/wp-json\/wp\/v2\/posts\/258"}],"collection":[{"href":"https:\/\/www.airco2.earth\/blog\/wp-json\/wp\/v2\/posts"}],"about":[{"href":"https:\/\/www.airco2.earth\/blog\/wp-json\/wp\/v2\/types\/post"}],"author":[{"embeddable":true,"href":"https:\/\/www.airco2.earth\/blog\/wp-json\/wp\/v2\/users\/1"}],"replies":[{"embeddable":true,"href":"https:\/\/www.airco2.earth\/blog\/wp-json\/wp\/v2\/comments?post=258"}],"version-history":[{"count":2,"href":"https:\/\/www.airco2.earth\/blog\/wp-json\/wp\/v2\/posts\/258\/revisions"}],"predecessor-version":[{"id":274,"href":"https:\/\/www.airco2.earth\/blog\/wp-json\/wp\/v2\/posts\/258\/revisions\/274"}],"wp:featuredmedia":[{"embeddable":true,"href":"https:\/\/www.airco2.earth\/blog\/wp-json\/wp\/v2\/media\/265"}],"wp:attachment":[{"href":"https:\/\/www.airco2.earth\/blog\/wp-json\/wp\/v2\/media?parent=258"}],"wp:term":[{"taxonomy":"category","embeddable":true,"href":"https:\/\/www.airco2.earth\/blog\/wp-json\/wp\/v2\/categories?post=258"},{"taxonomy":"post_tag","embeddable":true,"href":"https:\/\/www.airco2.earth\/blog\/wp-json\/wp\/v2\/tags?post=258"}],"curies":[{"name":"wp","href":"https:\/\/api.w.org\/{rel}","templated":true}]}}