{"id":263,"date":"2024-08-05T14:45:07","date_gmt":"2024-08-05T12:45:07","guid":{"rendered":"https:\/\/web.dev.airco2.eu\/blog\/?p=263"},"modified":"2024-11-11T10:14:01","modified_gmt":"2024-11-11T09:14:01","slug":"bosque-in-move-sostenibilidad","status":"publish","type":"post","link":"https:\/\/www.airco2.earth\/blog\/2024\/08\/05\/bosque-in-move-sostenibilidad\/","title":{"rendered":"\u00abRecomiendo neutralizar la huella de carbono en proyectos locales ya arbolados\u00bb"},"content":{"rendered":"\n<p>El pasado 3 de julio Airco2 se desplaz\u00f3 hasta Barcelona para asistir al evento de In-Move. En este estuvimos presentes calculando y neutralizando su huella de carbono y, adem\u00e1s, presentamos el proyecto&nbsp;<em>Bosque In-Move<\/em>, proyecto enmarcado dentro de nuestros&nbsp;<a href=\"https:\/\/blog.airco2.earth\/gu%C3%ADa-para-conseguir-tu-propio-bosque-corporativo\">bosques corporativos<\/a>.&nbsp;<\/p>\n\n\n\n<p>Aprovechando este evento, le hicimos una entrevista a Clementine Suraud, project manager de In-Move by Railgrup para conocer m\u00e1s en profundidad el evento y su relaci\u00f3n con la sostenibiliad<\/p>\n\n\n\n<h4 class=\"wp-block-heading\"><strong>\u00bfC\u00f3mo valoran los socios de In-move\u00a0vuestras medidas en materia de sostenibilidad?<\/strong><\/h4>\n\n\n\n<p>Nuestros miembros son empresas del sector de la movilidad sostenible, por lo tanto, todos dan la sostenibilidad y el respeto por medio ambiente la m\u00e1xima prioridad en su estrategia.<\/p>\n\n\n\n<p>Personalmente creo que la sostenibilidad social y ambientan deber\u00eda ser el objetivo n\u00famero uno de las pol\u00edticas y estrategias tanto a nivel de las empresas como de los administradores. La sostenibilidad est\u00e1 en el ADN del cl\u00faster In-Move, esta es la visi\u00f3n que nos ha llevado a evolucionar de un cl\u00faster ferroviario a Cl\u00faster de la Movilidad Sostenible.<\/p>\n\n\n\n<h4 class=\"wp-block-heading\"><strong>\u00bfCu\u00e1les son vuestras iniciativas m\u00e1s recientes?<\/strong><\/h4>\n\n\n\n<p>El bosque In-Move es una de ellas. Tambi\u00e9n damos soporte a varias iniciativas para ayudar y asesorar a nuestros miembros a conseguir m\u00e1s sostenibilidad en sus empresas, y nuestro Grupo de Trabajo EcoInnovaci\u00f3n trabaja de manera continua en el desarrollo de proyectos de I+D+i para una movilidad sostenible<\/p>\n\n\n\n<h4 class=\"wp-block-heading\"><strong>\u00bfQu\u00e9 es lo que m\u00e1s valor\u00e1is de este proyecto?<\/strong><\/h4>\n\n\n\n<p>Valoramos la transparencia y la profesionalidad del proyecto Airco2, su impacto ambiental positivo, la contribuci\u00f3n a la sostenibilidad, el fortalecimiento de la imagen corporativa y la responsabilidad social<\/p>\n\n\n\n<h4 class=\"wp-block-heading\"><strong>\u00bfRecomendar\u00edas a las empresas a neutralizar su huella de carbono en proyectos locales ya arbolados? \u00bfPor qu\u00e9?<\/strong><\/h4>\n\n\n\n<p>Recomiendo neutralizar la huella de carbono en proyectos locales ya arbolados para asumir la responsabilidad ambiental, mejorar la imagen corporativa, cumplir regulaciones futuras, fomentar la innovaci\u00f3n y colaborar con la comunidad<\/p>\n\n\n\n<h4 class=\"wp-block-heading\"><strong>\u00bfQu\u00e9 respuesta esperas por parte de las empresas colaboradoras?<\/strong><\/h4>\n\n\n\n<p>Se espera que las empresas colaboradoras respondan de manera positiva y comprometida con el proyecto de neutralizaci\u00f3n de huella de carbono. Se espera que valoren la importancia de reducir su impacto ambiental y se comprometan activamente a participar en la iniciativa<\/p>\n\n\n\n<p class=\"has-text-align-center\">Presentaci\u00f3n del Bosque In-move<\/p>\n\n\n\n<figure class=\"wp-block-image aligncenter size-full is-resized\"><img loading=\"lazy\" decoding=\"async\" width=\"489\" height=\"366\" src=\"https:\/\/www.airco2.earth\/blog\/wp-content\/uploads\/2024\/08\/IMG_20230703_134353_Bokeh-2-jpg.webp\" alt=\"\" class=\"wp-image-264\" style=\"width:545px;height:auto\" srcset=\"https:\/\/www.airco2.earth\/blog\/wp-content\/uploads\/2024\/08\/IMG_20230703_134353_Bokeh-2-jpg.webp 489w, https:\/\/www.airco2.earth\/blog\/wp-content\/uploads\/2024\/08\/IMG_20230703_134353_Bokeh-2-jpg-300x225.webp 300w\" sizes=\"(max-width: 489px) 100vw, 489px\" \/><\/figure>\n","protected":false},"excerpt":{"rendered":"<p>El pasado 3 de julio Airco2 se desplaz\u00f3 hasta Barcelona para asistir al evento de In-Move. En este estuvimos presentes calculando y neutralizando su huella de carbono y, adem\u00e1s, presentamos el proyecto&nbsp;Bosque In-Move, proyecto enmarcado dentro de nuestros&nbsp;bosques corporativos.&nbsp; Aprovechando este evento, le hicimos una entrevista a Clementine Suraud, project manager de In-Move by Railgrup [&hellip;]<\/p>\n","protected":false},"author":1,"featured_media":267,"comment_status":"open","ping_status":"open","sticky":false,"template":"","format":"standard","meta":{"_yoast_wpseo_title":"Descubre c\u00f3mo In-Move impulsa la sostenibilidad en la movilidad","_yoast_wpseo_metadesc":"Descubre c\u00f3mo In-Move impulsa la sostenibilidad en la movilidad y neutraliza su huella de carbono con el proyecto Bosque In-Move.","footnotes":""},"categories":[7,9],"tags":[],"class_list":["post-263","post","type-post","status-publish","format-standard","has-post-thumbnail","hentry","category-casos-de-uso","category-experiencia"],"yoast_head":"<!-- This site is optimized with the Yoast SEO plugin v25.6 - https:\/\/yoast.com\/wordpress\/plugins\/seo\/ -->\n<title>Descubre c\u00f3mo In-Move impulsa la sostenibilidad en la movilidad<\/title>\n<meta name=\"description\" content=\"Descubre c\u00f3mo In-Move impulsa la sostenibilidad en la movilidad y neutraliza su huella de carbono con el proyecto Bosque In-Move.\" \/>\n<meta name=\"robots\" content=\"index, follow, max-snippet:-1, max-image-preview:large, max-video-preview:-1\" \/>\n<link rel=\"canonical\" href=\"https:\/\/www.airco2.earth\/blog\/2024\/08\/05\/bosque-in-move-sostenibilidad\/\" \/>\n<meta property=\"og:locale\" content=\"es_ES\" \/>\n<meta property=\"og:type\" content=\"article\" \/>\n<meta property=\"og:title\" content=\"Descubre c\u00f3mo In-Move impulsa la sostenibilidad en la movilidad\" \/>\n<meta property=\"og:description\" content=\"Descubre c\u00f3mo In-Move impulsa la sostenibilidad en la movilidad y neutraliza su huella de carbono con el proyecto Bosque In-Move.\" \/>\n<meta property=\"og:url\" content=\"https:\/\/www.airco2.earth\/blog\/2024\/08\/05\/bosque-in-move-sostenibilidad\/\" \/>\n<meta property=\"og:site_name\" content=\"Blog airCO2\" \/>\n<meta property=\"article:published_time\" content=\"2024-08-05T12:45:07+00:00\" \/>\n<meta property=\"article:modified_time\" content=\"2024-11-11T09:14:01+00:00\" \/>\n<meta property=\"og:image\" content=\"https:\/\/www.airco2.earth\/blog\/wp-content\/uploads\/2024\/08\/IMG_20230703_134353_Bokeh-2-jpg-1.webp\" \/>\n\t<meta property=\"og:image:width\" content=\"489\" \/>\n\t<meta property=\"og:image:height\" content=\"366\" \/>\n\t<meta property=\"og:image:type\" content=\"image\/webp\" \/>\n<meta name=\"author\" content=\"airco2\" \/>\n<meta name=\"twitter:card\" content=\"summary_large_image\" \/>\n<meta name=\"twitter:label1\" content=\"Escrito por\" \/>\n\t<meta name=\"twitter:data1\" content=\"airco2\" \/>\n\t<meta name=\"twitter:label2\" content=\"Tiempo de lectura\" \/>\n\t<meta name=\"twitter:data2\" content=\"3 minutos\" \/>\n<script type=\"application\/ld+json\" class=\"yoast-schema-graph\">{\"@context\":\"https:\/\/schema.org\",\"@graph\":[{\"@type\":\"Article\",\"@id\":\"https:\/\/www.airco2.earth\/blog\/2024\/08\/05\/bosque-in-move-sostenibilidad\/#article\",\"isPartOf\":{\"@id\":\"https:\/\/www.airco2.earth\/blog\/2024\/08\/05\/bosque-in-move-sostenibilidad\/\"},\"author\":{\"name\":\"airco2\",\"@id\":\"https:\/\/www.airco2.earth\/blog\/#\/schema\/person\/ef063bb18a0e906fa67453ed27890422\"},\"headline\":\"\u00abRecomiendo neutralizar la huella de carbono en proyectos locales ya arbolados\u00bb\",\"datePublished\":\"2024-08-05T12:45:07+00:00\",\"dateModified\":\"2024-11-11T09:14:01+00:00\",\"mainEntityOfPage\":{\"@id\":\"https:\/\/www.airco2.earth\/blog\/2024\/08\/05\/bosque-in-move-sostenibilidad\/\"},\"wordCount\":401,\"commentCount\":0,\"publisher\":{\"@id\":\"https:\/\/www.airco2.earth\/blog\/#organization\"},\"image\":{\"@id\":\"https:\/\/www.airco2.earth\/blog\/2024\/08\/05\/bosque-in-move-sostenibilidad\/#primaryimage\"},\"thumbnailUrl\":\"https:\/\/www.airco2.earth\/blog\/wp-content\/uploads\/2024\/08\/IMG_20230703_134353_Bokeh-2-jpg-1.webp\",\"articleSection\":[\"Casos de uso\",\"Experiencia\"],\"inLanguage\":\"es\",\"potentialAction\":[{\"@type\":\"CommentAction\",\"name\":\"Comment\",\"target\":[\"https:\/\/www.airco2.earth\/blog\/2024\/08\/05\/bosque-in-move-sostenibilidad\/#respond\"]}]},{\"@type\":\"WebPage\",\"@id\":\"https:\/\/www.airco2.earth\/blog\/2024\/08\/05\/bosque-in-move-sostenibilidad\/\",\"url\":\"https:\/\/www.airco2.earth\/blog\/2024\/08\/05\/bosque-in-move-sostenibilidad\/\",\"name\":\"Descubre c\u00f3mo In-Move impulsa la sostenibilidad en la movilidad\",\"isPartOf\":{\"@id\":\"https:\/\/www.airco2.earth\/blog\/#website\"},\"primaryImageOfPage\":{\"@id\":\"https:\/\/www.airco2.earth\/blog\/2024\/08\/05\/bosque-in-move-sostenibilidad\/#primaryimage\"},\"image\":{\"@id\":\"https:\/\/www.airco2.earth\/blog\/2024\/08\/05\/bosque-in-move-sostenibilidad\/#primaryimage\"},\"thumbnailUrl\":\"https:\/\/www.airco2.earth\/blog\/wp-content\/uploads\/2024\/08\/IMG_20230703_134353_Bokeh-2-jpg-1.webp\",\"datePublished\":\"2024-08-05T12:45:07+00:00\",\"dateModified\":\"2024-11-11T09:14:01+00:00\",\"description\":\"Descubre c\u00f3mo In-Move impulsa la sostenibilidad en la movilidad y neutraliza su huella de carbono con el proyecto Bosque In-Move.\",\"breadcrumb\":{\"@id\":\"https:\/\/www.airco2.earth\/blog\/2024\/08\/05\/bosque-in-move-sostenibilidad\/#breadcrumb\"},\"inLanguage\":\"es\",\"potentialAction\":[{\"@type\":\"ReadAction\",\"target\":[\"https:\/\/www.airco2.earth\/blog\/2024\/08\/05\/bosque-in-move-sostenibilidad\/\"]}]},{\"@type\":\"ImageObject\",\"inLanguage\":\"es\",\"@id\":\"https:\/\/www.airco2.earth\/blog\/2024\/08\/05\/bosque-in-move-sostenibilidad\/#primaryimage\",\"url\":\"https:\/\/www.airco2.earth\/blog\/wp-content\/uploads\/2024\/08\/IMG_20230703_134353_Bokeh-2-jpg-1.webp\",\"contentUrl\":\"https:\/\/www.airco2.earth\/blog\/wp-content\/uploads\/2024\/08\/IMG_20230703_134353_Bokeh-2-jpg-1.webp\",\"width\":489,\"height\":366},{\"@type\":\"BreadcrumbList\",\"@id\":\"https:\/\/www.airco2.earth\/blog\/2024\/08\/05\/bosque-in-move-sostenibilidad\/#breadcrumb\",\"itemListElement\":[{\"@type\":\"ListItem\",\"position\":1,\"name\":\"Portada\",\"item\":\"https:\/\/www.airco2.earth\/blog\/\"},{\"@type\":\"ListItem\",\"position\":2,\"name\":\"\u00abRecomiendo neutralizar la huella de carbono en proyectos locales ya arbolados\u00bb\"}]},{\"@type\":\"WebSite\",\"@id\":\"https:\/\/www.airco2.earth\/blog\/#website\",\"url\":\"https:\/\/www.airco2.earth\/blog\/\",\"name\":\"Airco2\",\"description\":\"Noticias y consejos sobre Huella de Carbono\",\"publisher\":{\"@id\":\"https:\/\/www.airco2.earth\/blog\/#organization\"},\"potentialAction\":[{\"@type\":\"SearchAction\",\"target\":{\"@type\":\"EntryPoint\",\"urlTemplate\":\"https:\/\/www.airco2.earth\/blog\/?s={search_term_string}\"},\"query-input\":{\"@type\":\"PropertyValueSpecification\",\"valueRequired\":true,\"valueName\":\"search_term_string\"}}],\"inLanguage\":\"es\"},{\"@type\":\"Organization\",\"@id\":\"https:\/\/www.airco2.earth\/blog\/#organization\",\"name\":\"Airco2\",\"url\":\"https:\/\/www.airco2.earth\/blog\/\",\"logo\":{\"@type\":\"ImageObject\",\"inLanguage\":\"es\",\"@id\":\"https:\/\/www.airco2.earth\/blog\/#\/schema\/logo\/image\/\",\"url\":\"\",\"contentUrl\":\"\",\"caption\":\"Airco2\"},\"image\":{\"@id\":\"https:\/\/www.airco2.earth\/blog\/#\/schema\/logo\/image\/\"},\"sameAs\":[\"https:\/\/www.instagram.com\/airco2_fintech\/?hl=es\",\"https:\/\/www.linkedin.com\/products\/airco2-carbon-manager\/?trk=organization_guest_main_product_card\"]},{\"@type\":\"Person\",\"@id\":\"https:\/\/www.airco2.earth\/blog\/#\/schema\/person\/ef063bb18a0e906fa67453ed27890422\",\"name\":\"airco2\",\"image\":{\"@type\":\"ImageObject\",\"inLanguage\":\"es\",\"@id\":\"https:\/\/www.airco2.earth\/blog\/#\/schema\/person\/image\/\",\"url\":\"https:\/\/secure.gravatar.com\/avatar\/6cc7b3398f8c011883a3f1a23d269c17?s=96&d=mm&r=g\",\"contentUrl\":\"https:\/\/secure.gravatar.com\/avatar\/6cc7b3398f8c011883a3f1a23d269c17?s=96&d=mm&r=g\",\"caption\":\"airco2\"},\"sameAs\":[\"https:\/\/www.airco2.earth\/blog\"],\"url\":\"https:\/\/www.airco2.earth\/blog\/author\/airco2\/\"}]}<\/script>\n<!-- \/ Yoast SEO plugin. -->","yoast_head_json":{"title":"Descubre c\u00f3mo In-Move impulsa la sostenibilidad en la movilidad","description":"Descubre c\u00f3mo In-Move impulsa la sostenibilidad en la movilidad y neutraliza su huella de carbono con el proyecto Bosque In-Move.","robots":{"index":"index","follow":"follow","max-snippet":"max-snippet:-1","max-image-preview":"max-image-preview:large","max-video-preview":"max-video-preview:-1"},"canonical":"https:\/\/www.airco2.earth\/blog\/2024\/08\/05\/bosque-in-move-sostenibilidad\/","og_locale":"es_ES","og_type":"article","og_title":"Descubre c\u00f3mo In-Move impulsa la sostenibilidad en la movilidad","og_description":"Descubre c\u00f3mo In-Move impulsa la sostenibilidad en la movilidad y neutraliza su huella de carbono con el proyecto Bosque In-Move.","og_url":"https:\/\/www.airco2.earth\/blog\/2024\/08\/05\/bosque-in-move-sostenibilidad\/","og_site_name":"Blog airCO2","article_published_time":"2024-08-05T12:45:07+00:00","article_modified_time":"2024-11-11T09:14:01+00:00","og_image":[{"width":489,"height":366,"url":"https:\/\/www.airco2.earth\/blog\/wp-content\/uploads\/2024\/08\/IMG_20230703_134353_Bokeh-2-jpg-1.webp","type":"image\/webp"}],"author":"airco2","twitter_card":"summary_large_image","twitter_misc":{"Escrito por":"airco2","Tiempo de lectura":"3 minutos"},"schema":{"@context":"https:\/\/schema.org","@graph":[{"@type":"Article","@id":"https:\/\/www.airco2.earth\/blog\/2024\/08\/05\/bosque-in-move-sostenibilidad\/#article","isPartOf":{"@id":"https:\/\/www.airco2.earth\/blog\/2024\/08\/05\/bosque-in-move-sostenibilidad\/"},"author":{"name":"airco2","@id":"https:\/\/www.airco2.earth\/blog\/#\/schema\/person\/ef063bb18a0e906fa67453ed27890422"},"headline":"\u00abRecomiendo neutralizar la huella de carbono en proyectos locales ya arbolados\u00bb","datePublished":"2024-08-05T12:45:07+00:00","dateModified":"2024-11-11T09:14:01+00:00","mainEntityOfPage":{"@id":"https:\/\/www.airco2.earth\/blog\/2024\/08\/05\/bosque-in-move-sostenibilidad\/"},"wordCount":401,"commentCount":0,"publisher":{"@id":"https:\/\/www.airco2.earth\/blog\/#organization"},"image":{"@id":"https:\/\/www.airco2.earth\/blog\/2024\/08\/05\/bosque-in-move-sostenibilidad\/#primaryimage"},"thumbnailUrl":"https:\/\/www.airco2.earth\/blog\/wp-content\/uploads\/2024\/08\/IMG_20230703_134353_Bokeh-2-jpg-1.webp","articleSection":["Casos de uso","Experiencia"],"inLanguage":"es","potentialAction":[{"@type":"CommentAction","name":"Comment","target":["https:\/\/www.airco2.earth\/blog\/2024\/08\/05\/bosque-in-move-sostenibilidad\/#respond"]}]},{"@type":"WebPage","@id":"https:\/\/www.airco2.earth\/blog\/2024\/08\/05\/bosque-in-move-sostenibilidad\/","url":"https:\/\/www.airco2.earth\/blog\/2024\/08\/05\/bosque-in-move-sostenibilidad\/","name":"Descubre c\u00f3mo In-Move impulsa la sostenibilidad en la movilidad","isPartOf":{"@id":"https:\/\/www.airco2.earth\/blog\/#website"},"primaryImageOfPage":{"@id":"https:\/\/www.airco2.earth\/blog\/2024\/08\/05\/bosque-in-move-sostenibilidad\/#primaryimage"},"image":{"@id":"https:\/\/www.airco2.earth\/blog\/2024\/08\/05\/bosque-in-move-sostenibilidad\/#primaryimage"},"thumbnailUrl":"https:\/\/www.airco2.earth\/blog\/wp-content\/uploads\/2024\/08\/IMG_20230703_134353_Bokeh-2-jpg-1.webp","datePublished":"2024-08-05T12:45:07+00:00","dateModified":"2024-11-11T09:14:01+00:00","description":"Descubre c\u00f3mo In-Move impulsa la sostenibilidad en la movilidad y neutraliza su huella de carbono con el proyecto Bosque In-Move.","breadcrumb":{"@id":"https:\/\/www.airco2.earth\/blog\/2024\/08\/05\/bosque-in-move-sostenibilidad\/#breadcrumb"},"inLanguage":"es","potentialAction":[{"@type":"ReadAction","target":["https:\/\/www.airco2.earth\/blog\/2024\/08\/05\/bosque-in-move-sostenibilidad\/"]}]},{"@type":"ImageObject","inLanguage":"es","@id":"https:\/\/www.airco2.earth\/blog\/2024\/08\/05\/bosque-in-move-sostenibilidad\/#primaryimage","url":"https:\/\/www.airco2.earth\/blog\/wp-content\/uploads\/2024\/08\/IMG_20230703_134353_Bokeh-2-jpg-1.webp","contentUrl":"https:\/\/www.airco2.earth\/blog\/wp-content\/uploads\/2024\/08\/IMG_20230703_134353_Bokeh-2-jpg-1.webp","width":489,"height":366},{"@type":"BreadcrumbList","@id":"https:\/\/www.airco2.earth\/blog\/2024\/08\/05\/bosque-in-move-sostenibilidad\/#breadcrumb","itemListElement":[{"@type":"ListItem","position":1,"name":"Portada","item":"https:\/\/www.airco2.earth\/blog\/"},{"@type":"ListItem","position":2,"name":"\u00abRecomiendo neutralizar la huella de carbono en proyectos locales ya arbolados\u00bb"}]},{"@type":"WebSite","@id":"https:\/\/www.airco2.earth\/blog\/#website","url":"https:\/\/www.airco2.earth\/blog\/","name":"Airco2","description":"Noticias y consejos sobre Huella de Carbono","publisher":{"@id":"https:\/\/www.airco2.earth\/blog\/#organization"},"potentialAction":[{"@type":"SearchAction","target":{"@type":"EntryPoint","urlTemplate":"https:\/\/www.airco2.earth\/blog\/?s={search_term_string}"},"query-input":{"@type":"PropertyValueSpecification","valueRequired":true,"valueName":"search_term_string"}}],"inLanguage":"es"},{"@type":"Organization","@id":"https:\/\/www.airco2.earth\/blog\/#organization","name":"Airco2","url":"https:\/\/www.airco2.earth\/blog\/","logo":{"@type":"ImageObject","inLanguage":"es","@id":"https:\/\/www.airco2.earth\/blog\/#\/schema\/logo\/image\/","url":"","contentUrl":"","caption":"Airco2"},"image":{"@id":"https:\/\/www.airco2.earth\/blog\/#\/schema\/logo\/image\/"},"sameAs":["https:\/\/www.instagram.com\/airco2_fintech\/?hl=es","https:\/\/www.linkedin.com\/products\/airco2-carbon-manager\/?trk=organization_guest_main_product_card"]},{"@type":"Person","@id":"https:\/\/www.airco2.earth\/blog\/#\/schema\/person\/ef063bb18a0e906fa67453ed27890422","name":"airco2","image":{"@type":"ImageObject","inLanguage":"es","@id":"https:\/\/www.airco2.earth\/blog\/#\/schema\/person\/image\/","url":"https:\/\/secure.gravatar.com\/avatar\/6cc7b3398f8c011883a3f1a23d269c17?s=96&d=mm&r=g","contentUrl":"https:\/\/secure.gravatar.com\/avatar\/6cc7b3398f8c011883a3f1a23d269c17?s=96&d=mm&r=g","caption":"airco2"},"sameAs":["https:\/\/www.airco2.earth\/blog"],"url":"https:\/\/www.airco2.earth\/blog\/author\/airco2\/"}]}},"_links":{"self":[{"href":"https:\/\/www.airco2.earth\/blog\/wp-json\/wp\/v2\/posts\/263"}],"collection":[{"href":"https:\/\/www.airco2.earth\/blog\/wp-json\/wp\/v2\/posts"}],"about":[{"href":"https:\/\/www.airco2.earth\/blog\/wp-json\/wp\/v2\/types\/post"}],"author":[{"embeddable":true,"href":"https:\/\/www.airco2.earth\/blog\/wp-json\/wp\/v2\/users\/1"}],"replies":[{"embeddable":true,"href":"https:\/\/www.airco2.earth\/blog\/wp-json\/wp\/v2\/comments?post=263"}],"version-history":[{"count":2,"href":"https:\/\/www.airco2.earth\/blog\/wp-json\/wp\/v2\/posts\/263\/revisions"}],"predecessor-version":[{"id":583,"href":"https:\/\/www.airco2.earth\/blog\/wp-json\/wp\/v2\/posts\/263\/revisions\/583"}],"wp:featuredmedia":[{"embeddable":true,"href":"https:\/\/www.airco2.earth\/blog\/wp-json\/wp\/v2\/media\/267"}],"wp:attachment":[{"href":"https:\/\/www.airco2.earth\/blog\/wp-json\/wp\/v2\/media?parent=263"}],"wp:term":[{"taxonomy":"category","embeddable":true,"href":"https:\/\/www.airco2.earth\/blog\/wp-json\/wp\/v2\/categories?post=263"},{"taxonomy":"post_tag","embeddable":true,"href":"https:\/\/www.airco2.earth\/blog\/wp-json\/wp\/v2\/tags?post=263"}],"curies":[{"name":"wp","href":"https:\/\/api.w.org\/{rel}","templated":true}]}}