{"id":286,"date":"2024-08-05T14:57:29","date_gmt":"2024-08-05T12:57:29","guid":{"rendered":"https:\/\/web.dev.airco2.eu\/blog\/?p=286"},"modified":"2024-08-26T11:55:05","modified_gmt":"2024-08-26T09:55:05","slug":"colaboracion-airco2-recordafest-reduccion-huella","status":"publish","type":"post","link":"https:\/\/www.airco2.earth\/blog\/2024\/08\/05\/colaboracion-airco2-recordafest-reduccion-huella\/","title":{"rendered":"Caso de uso: Ayuntamiento de Valladolid + C\u00e1mara de Comercio + CEOE"},"content":{"rendered":"\n<p>Cada&nbsp;vez m\u00e1s, el cambio clim\u00e1tica y los impactos de este sobre nuestra sociedad est\u00e1 m\u00e1s presente en nuestro d\u00eda a d\u00eda. En este momento, las empresas cada vez tienen la imperiosa necesidad de adaptarse a esta nueva situaci\u00f3n. Con todo este contexto, surge esta asociaci\u00f3n entre el Ayuntamiento de Valladolid y Airco2 dentro del proyecto de Ayuntamientos Net-Zero pero, \u00bfc\u00f3mo funciona este proyecto?<\/p>\n\n\n\n<figure class=\"wp-block-image aligncenter size-large is-resized\"><img loading=\"lazy\" decoding=\"async\" width=\"1024\" height=\"768\" src=\"https:\/\/www.airco2.earth\/blog\/wp-content\/uploads\/2024\/08\/Untitled-1024x768.jpg\" alt=\"\" class=\"wp-image-287\" style=\"width:422px;height:auto\" srcset=\"https:\/\/www.airco2.earth\/blog\/wp-content\/uploads\/2024\/08\/Untitled-1024x768.jpg 1024w, https:\/\/www.airco2.earth\/blog\/wp-content\/uploads\/2024\/08\/Untitled-300x225.jpg 300w, https:\/\/www.airco2.earth\/blog\/wp-content\/uploads\/2024\/08\/Untitled-768x576.jpg 768w, https:\/\/www.airco2.earth\/blog\/wp-content\/uploads\/2024\/08\/Untitled-1536x1152.jpg 1536w, https:\/\/www.airco2.earth\/blog\/wp-content\/uploads\/2024\/08\/Untitled.jpg 2048w\" sizes=\"(max-width: 1024px) 100vw, 1024px\" \/><\/figure>\n\n\n\n<p><strong>\u00bfQui\u00e9nes son los principales implicados en este proyecto?<\/strong><\/p>\n\n\n\n<p>Podemos destacar a cuatro agentes:<\/p>\n\n\n\n<p>-Airco2<\/p>\n\n\n\n<p>-Ayuntamiento de Valladolid<\/p>\n\n\n\n<p>-CEOE de Valladolid<\/p>\n\n\n\n<p>-C\u00e1mara de Comercio de Valladolid<\/p>\n\n\n\n<p>Estos cuatro agentes han conseguido avanzar en la revoluci\u00f3n del net-zero vallisoletano.<\/p>\n\n\n\n<h4 class=\"wp-block-heading has-text-align-center\"><strong>Sobre Valladolid Net-Zero<\/strong><\/h4>\n\n\n\n<p>Este proyecto nace como una uni\u00f3n entre todos los implicados para ayudar a 25 peque\u00f1as y medianas empresas del municipio para que avancen en sostenibilidad. Acogerse a este proyecto, adem\u00e1s de la financiaci\u00f3n del c\u00e1lculo de la huella de carbono, implica una compensaci\u00f3n de un m\u00ednimo de 10 toneladas.&nbsp;<\/p>\n\n\n\n<p>Finalmente, adem\u00e1s de ser una empresa neutral en carbono (o encaminadas a ello), incluye diferentes sellos y documentaci\u00f3n verificando este hecho.<\/p>\n\n\n\n<h4 class=\"wp-block-heading has-text-align-center\"><strong>Empresas beneficiadas<\/strong><\/h4>\n\n\n\n<p>Dentro de este proyecto, las empresas inscritas est\u00e1n inmersas en los pasos para avanzar hacia la neutralidad. Los pasos a seguir para conseguir esto son simples, para empezar tenemos una reuni\u00f3n entre ambas partes para hablar del proyecto y dar los primeros pasos.<\/p>\n\n\n\n<p>Los dem\u00e1s pasos son, simplemente, formalizar el acuerdo y avanzar con el proceso del c\u00e1lculo y la neutralizaci\u00f3n de la huella, tanto sea de forma parcial o de forma total.<\/p>\n\n\n\n<p>Algunas de las empresas que ya se han beneficiado de este proyecto son:<\/p>\n\n\n\n<figure class=\"wp-block-image aligncenter size-full\"><img loading=\"lazy\" decoding=\"async\" width=\"357\" height=\"218\" src=\"https:\/\/www.airco2.earth\/blog\/wp-content\/uploads\/2024\/08\/image-png-Sep-18-2023-02-32-40-9118-PM.png\" alt=\"\" class=\"wp-image-290\" srcset=\"https:\/\/www.airco2.earth\/blog\/wp-content\/uploads\/2024\/08\/image-png-Sep-18-2023-02-32-40-9118-PM.png 357w, https:\/\/www.airco2.earth\/blog\/wp-content\/uploads\/2024\/08\/image-png-Sep-18-2023-02-32-40-9118-PM-300x183.png 300w\" sizes=\"(max-width: 357px) 100vw, 357px\" \/><\/figure>\n\n\n\n<h4 class=\"wp-block-heading has-text-align-center\"><strong>\u00bfD\u00f3nde se neutraliza?<\/strong><\/h4>\n\n\n\n<p>La compensaci\u00f3n de la huella de carbono de las empresas se realiza en un monte propiedad del Ayuntamiento de Valladolid, concretamente, el Pinar de Antequera. Esta \u00e1rea de m\u00e1s de 1000 hect\u00e1reas se encuentra en el municipio de Valladolid y fue seleccionado, principalmente, porque es una buena forma de compensar en local y en cercan\u00eda, potenciando as\u00ed la econom\u00eda circular<\/p>\n\n\n\n<figure class=\"wp-block-image aligncenter size-large is-resized\"><img loading=\"lazy\" decoding=\"async\" width=\"1024\" height=\"768\" src=\"https:\/\/www.airco2.earth\/blog\/wp-content\/uploads\/2024\/08\/valladolid-1-1024x768.jpeg\" alt=\"\" class=\"wp-image-291\" style=\"width:401px;height:auto\" srcset=\"https:\/\/www.airco2.earth\/blog\/wp-content\/uploads\/2024\/08\/valladolid-1-1024x768.jpeg 1024w, https:\/\/www.airco2.earth\/blog\/wp-content\/uploads\/2024\/08\/valladolid-1-300x225.jpeg 300w, https:\/\/www.airco2.earth\/blog\/wp-content\/uploads\/2024\/08\/valladolid-1-768x576.jpeg 768w, https:\/\/www.airco2.earth\/blog\/wp-content\/uploads\/2024\/08\/valladolid-1-1536x1152.jpeg 1536w, https:\/\/www.airco2.earth\/blog\/wp-content\/uploads\/2024\/08\/valladolid-1.jpeg 2048w\" sizes=\"(max-width: 1024px) 100vw, 1024px\" \/><\/figure>\n\n\n\n<p>Esta iniciativa asegura que los ingresos generados con la venta de estos cr\u00e9ditos se reinviertan de manera directa y sostenible en los montes. Las empresas de Valladolid no solo ayudan a preservar la naturaleza de este entorno, adem\u00e1s esta ayudando con medidas sostenibles y prevenci\u00f3n de incendios a largo plazo.<\/p>\n\n\n\n<h4 class=\"wp-block-heading has-text-align-center\"><strong>Conclusi\u00f3n<\/strong><\/h4>\n\n\n\n<p>El acuerdo entre el Ayuntamiento de Valladolid y <a href=\"https:\/\/www.airco2.earth\/\">Airco2<\/a> es un buen ejemplo de como los ayuntamientos pueden ayudar a unirse para marcar la diferencia en la lucha contra el cambio clim\u00e1tico. El consistorio se compromete a conseguir una sostenibilidad real<\/p>\n\n\n\n<p><\/p>\n","protected":false},"excerpt":{"rendered":"<p>Cada&nbsp;vez m\u00e1s, el cambio clim\u00e1tica y los impactos de este sobre nuestra sociedad est\u00e1 m\u00e1s presente en nuestro d\u00eda a d\u00eda. En este momento, las empresas cada vez tienen la imperiosa necesidad de adaptarse a esta nueva situaci\u00f3n. Con todo este contexto, surge esta asociaci\u00f3n entre el Ayuntamiento de Valladolid y Airco2 dentro del proyecto [&hellip;]<\/p>\n","protected":false},"author":1,"featured_media":287,"comment_status":"open","ping_status":"open","sticky":false,"template":"","format":"standard","meta":{"_yoast_wpseo_title":"colaboracion-airco2-recordafest-reduccion-huella","_yoast_wpseo_metadesc":"c\u00f3mo la colaboraci\u00f3n entre Airco2 y RecordaFest logr\u00f3 reducir significativamente la huella de carbono en eventos, impulsando la sostenibilidad","footnotes":""},"categories":[7,9,8],"tags":[],"class_list":["post-286","post","type-post","status-publish","format-standard","has-post-thumbnail","hentry","category-casos-de-uso","category-experiencia","category-producto"],"yoast_head":"<!-- This site is optimized with the Yoast SEO plugin v25.6 - https:\/\/yoast.com\/wordpress\/plugins\/seo\/ -->\n<title>colaboracion-airco2-recordafest-reduccion-huella<\/title>\n<meta name=\"description\" content=\"c\u00f3mo la colaboraci\u00f3n entre Airco2 y RecordaFest logr\u00f3 reducir significativamente la huella de carbono en eventos, impulsando la sostenibilidad\" \/>\n<meta name=\"robots\" content=\"index, follow, max-snippet:-1, max-image-preview:large, max-video-preview:-1\" \/>\n<link rel=\"canonical\" href=\"https:\/\/www.airco2.earth\/blog\/2024\/08\/05\/colaboracion-airco2-recordafest-reduccion-huella\/\" \/>\n<meta property=\"og:locale\" content=\"es_ES\" \/>\n<meta property=\"og:type\" content=\"article\" \/>\n<meta property=\"og:title\" content=\"colaboracion-airco2-recordafest-reduccion-huella\" \/>\n<meta property=\"og:description\" content=\"c\u00f3mo la colaboraci\u00f3n entre Airco2 y RecordaFest logr\u00f3 reducir significativamente la huella de carbono en eventos, impulsando la sostenibilidad\" \/>\n<meta property=\"og:url\" content=\"https:\/\/www.airco2.earth\/blog\/2024\/08\/05\/colaboracion-airco2-recordafest-reduccion-huella\/\" \/>\n<meta property=\"og:site_name\" content=\"Blog airCO2\" \/>\n<meta property=\"article:published_time\" content=\"2024-08-05T12:57:29+00:00\" \/>\n<meta property=\"article:modified_time\" content=\"2024-08-26T09:55:05+00:00\" \/>\n<meta property=\"og:image\" content=\"https:\/\/www.airco2.earth\/blog\/wp-content\/uploads\/2024\/08\/Untitled.jpg\" \/>\n\t<meta property=\"og:image:width\" content=\"2048\" \/>\n\t<meta property=\"og:image:height\" content=\"1536\" \/>\n\t<meta property=\"og:image:type\" content=\"image\/jpeg\" \/>\n<meta name=\"author\" content=\"airco2\" \/>\n<meta name=\"twitter:card\" content=\"summary_large_image\" \/>\n<meta name=\"twitter:label1\" content=\"Escrito por\" \/>\n\t<meta name=\"twitter:data1\" content=\"airco2\" \/>\n\t<meta name=\"twitter:label2\" content=\"Tiempo de lectura\" \/>\n\t<meta name=\"twitter:data2\" content=\"3 minutos\" \/>\n<script type=\"application\/ld+json\" class=\"yoast-schema-graph\">{\"@context\":\"https:\/\/schema.org\",\"@graph\":[{\"@type\":\"Article\",\"@id\":\"https:\/\/www.airco2.earth\/blog\/2024\/08\/05\/colaboracion-airco2-recordafest-reduccion-huella\/#article\",\"isPartOf\":{\"@id\":\"https:\/\/www.airco2.earth\/blog\/2024\/08\/05\/colaboracion-airco2-recordafest-reduccion-huella\/\"},\"author\":{\"name\":\"airco2\",\"@id\":\"https:\/\/www.airco2.earth\/blog\/#\/schema\/person\/ef063bb18a0e906fa67453ed27890422\"},\"headline\":\"Caso de uso: Ayuntamiento de Valladolid + C\u00e1mara de Comercio + CEOE\",\"datePublished\":\"2024-08-05T12:57:29+00:00\",\"dateModified\":\"2024-08-26T09:55:05+00:00\",\"mainEntityOfPage\":{\"@id\":\"https:\/\/www.airco2.earth\/blog\/2024\/08\/05\/colaboracion-airco2-recordafest-reduccion-huella\/\"},\"wordCount\":463,\"commentCount\":0,\"publisher\":{\"@id\":\"https:\/\/www.airco2.earth\/blog\/#organization\"},\"image\":{\"@id\":\"https:\/\/www.airco2.earth\/blog\/2024\/08\/05\/colaboracion-airco2-recordafest-reduccion-huella\/#primaryimage\"},\"thumbnailUrl\":\"https:\/\/www.airco2.earth\/blog\/wp-content\/uploads\/2024\/08\/Untitled.jpg\",\"articleSection\":[\"Casos de uso\",\"Experiencia\",\"Producto\"],\"inLanguage\":\"es\",\"potentialAction\":[{\"@type\":\"CommentAction\",\"name\":\"Comment\",\"target\":[\"https:\/\/www.airco2.earth\/blog\/2024\/08\/05\/colaboracion-airco2-recordafest-reduccion-huella\/#respond\"]}]},{\"@type\":\"WebPage\",\"@id\":\"https:\/\/www.airco2.earth\/blog\/2024\/08\/05\/colaboracion-airco2-recordafest-reduccion-huella\/\",\"url\":\"https:\/\/www.airco2.earth\/blog\/2024\/08\/05\/colaboracion-airco2-recordafest-reduccion-huella\/\",\"name\":\"colaboracion-airco2-recordafest-reduccion-huella\",\"isPartOf\":{\"@id\":\"https:\/\/www.airco2.earth\/blog\/#website\"},\"primaryImageOfPage\":{\"@id\":\"https:\/\/www.airco2.earth\/blog\/2024\/08\/05\/colaboracion-airco2-recordafest-reduccion-huella\/#primaryimage\"},\"image\":{\"@id\":\"https:\/\/www.airco2.earth\/blog\/2024\/08\/05\/colaboracion-airco2-recordafest-reduccion-huella\/#primaryimage\"},\"thumbnailUrl\":\"https:\/\/www.airco2.earth\/blog\/wp-content\/uploads\/2024\/08\/Untitled.jpg\",\"datePublished\":\"2024-08-05T12:57:29+00:00\",\"dateModified\":\"2024-08-26T09:55:05+00:00\",\"description\":\"c\u00f3mo la colaboraci\u00f3n entre Airco2 y RecordaFest logr\u00f3 reducir significativamente la huella de carbono en eventos, impulsando la sostenibilidad\",\"breadcrumb\":{\"@id\":\"https:\/\/www.airco2.earth\/blog\/2024\/08\/05\/colaboracion-airco2-recordafest-reduccion-huella\/#breadcrumb\"},\"inLanguage\":\"es\",\"potentialAction\":[{\"@type\":\"ReadAction\",\"target\":[\"https:\/\/www.airco2.earth\/blog\/2024\/08\/05\/colaboracion-airco2-recordafest-reduccion-huella\/\"]}]},{\"@type\":\"ImageObject\",\"inLanguage\":\"es\",\"@id\":\"https:\/\/www.airco2.earth\/blog\/2024\/08\/05\/colaboracion-airco2-recordafest-reduccion-huella\/#primaryimage\",\"url\":\"https:\/\/www.airco2.earth\/blog\/wp-content\/uploads\/2024\/08\/Untitled.jpg\",\"contentUrl\":\"https:\/\/www.airco2.earth\/blog\/wp-content\/uploads\/2024\/08\/Untitled.jpg\",\"width\":2048,\"height\":1536},{\"@type\":\"BreadcrumbList\",\"@id\":\"https:\/\/www.airco2.earth\/blog\/2024\/08\/05\/colaboracion-airco2-recordafest-reduccion-huella\/#breadcrumb\",\"itemListElement\":[{\"@type\":\"ListItem\",\"position\":1,\"name\":\"Portada\",\"item\":\"https:\/\/www.airco2.earth\/blog\/\"},{\"@type\":\"ListItem\",\"position\":2,\"name\":\"Caso de uso: Ayuntamiento de Valladolid + C\u00e1mara de Comercio + CEOE\"}]},{\"@type\":\"WebSite\",\"@id\":\"https:\/\/www.airco2.earth\/blog\/#website\",\"url\":\"https:\/\/www.airco2.earth\/blog\/\",\"name\":\"Airco2\",\"description\":\"Noticias y consejos sobre Huella de Carbono\",\"publisher\":{\"@id\":\"https:\/\/www.airco2.earth\/blog\/#organization\"},\"potentialAction\":[{\"@type\":\"SearchAction\",\"target\":{\"@type\":\"EntryPoint\",\"urlTemplate\":\"https:\/\/www.airco2.earth\/blog\/?s={search_term_string}\"},\"query-input\":{\"@type\":\"PropertyValueSpecification\",\"valueRequired\":true,\"valueName\":\"search_term_string\"}}],\"inLanguage\":\"es\"},{\"@type\":\"Organization\",\"@id\":\"https:\/\/www.airco2.earth\/blog\/#organization\",\"name\":\"Airco2\",\"url\":\"https:\/\/www.airco2.earth\/blog\/\",\"logo\":{\"@type\":\"ImageObject\",\"inLanguage\":\"es\",\"@id\":\"https:\/\/www.airco2.earth\/blog\/#\/schema\/logo\/image\/\",\"url\":\"\",\"contentUrl\":\"\",\"caption\":\"Airco2\"},\"image\":{\"@id\":\"https:\/\/www.airco2.earth\/blog\/#\/schema\/logo\/image\/\"},\"sameAs\":[\"https:\/\/www.instagram.com\/airco2_fintech\/?hl=es\",\"https:\/\/www.linkedin.com\/products\/airco2-carbon-manager\/?trk=organization_guest_main_product_card\"]},{\"@type\":\"Person\",\"@id\":\"https:\/\/www.airco2.earth\/blog\/#\/schema\/person\/ef063bb18a0e906fa67453ed27890422\",\"name\":\"airco2\",\"image\":{\"@type\":\"ImageObject\",\"inLanguage\":\"es\",\"@id\":\"https:\/\/www.airco2.earth\/blog\/#\/schema\/person\/image\/\",\"url\":\"https:\/\/secure.gravatar.com\/avatar\/6cc7b3398f8c011883a3f1a23d269c17?s=96&d=mm&r=g\",\"contentUrl\":\"https:\/\/secure.gravatar.com\/avatar\/6cc7b3398f8c011883a3f1a23d269c17?s=96&d=mm&r=g\",\"caption\":\"airco2\"},\"sameAs\":[\"https:\/\/www.airco2.earth\/blog\"],\"url\":\"https:\/\/www.airco2.earth\/blog\/author\/airco2\/\"}]}<\/script>\n<!-- \/ Yoast SEO plugin. -->","yoast_head_json":{"title":"colaboracion-airco2-recordafest-reduccion-huella","description":"c\u00f3mo la colaboraci\u00f3n entre Airco2 y RecordaFest logr\u00f3 reducir significativamente la huella de carbono en eventos, impulsando la sostenibilidad","robots":{"index":"index","follow":"follow","max-snippet":"max-snippet:-1","max-image-preview":"max-image-preview:large","max-video-preview":"max-video-preview:-1"},"canonical":"https:\/\/www.airco2.earth\/blog\/2024\/08\/05\/colaboracion-airco2-recordafest-reduccion-huella\/","og_locale":"es_ES","og_type":"article","og_title":"colaboracion-airco2-recordafest-reduccion-huella","og_description":"c\u00f3mo la colaboraci\u00f3n entre Airco2 y RecordaFest logr\u00f3 reducir significativamente la huella de carbono en eventos, impulsando la sostenibilidad","og_url":"https:\/\/www.airco2.earth\/blog\/2024\/08\/05\/colaboracion-airco2-recordafest-reduccion-huella\/","og_site_name":"Blog airCO2","article_published_time":"2024-08-05T12:57:29+00:00","article_modified_time":"2024-08-26T09:55:05+00:00","og_image":[{"width":2048,"height":1536,"url":"https:\/\/www.airco2.earth\/blog\/wp-content\/uploads\/2024\/08\/Untitled.jpg","type":"image\/jpeg"}],"author":"airco2","twitter_card":"summary_large_image","twitter_misc":{"Escrito por":"airco2","Tiempo de lectura":"3 minutos"},"schema":{"@context":"https:\/\/schema.org","@graph":[{"@type":"Article","@id":"https:\/\/www.airco2.earth\/blog\/2024\/08\/05\/colaboracion-airco2-recordafest-reduccion-huella\/#article","isPartOf":{"@id":"https:\/\/www.airco2.earth\/blog\/2024\/08\/05\/colaboracion-airco2-recordafest-reduccion-huella\/"},"author":{"name":"airco2","@id":"https:\/\/www.airco2.earth\/blog\/#\/schema\/person\/ef063bb18a0e906fa67453ed27890422"},"headline":"Caso de uso: Ayuntamiento de Valladolid + C\u00e1mara de Comercio + CEOE","datePublished":"2024-08-05T12:57:29+00:00","dateModified":"2024-08-26T09:55:05+00:00","mainEntityOfPage":{"@id":"https:\/\/www.airco2.earth\/blog\/2024\/08\/05\/colaboracion-airco2-recordafest-reduccion-huella\/"},"wordCount":463,"commentCount":0,"publisher":{"@id":"https:\/\/www.airco2.earth\/blog\/#organization"},"image":{"@id":"https:\/\/www.airco2.earth\/blog\/2024\/08\/05\/colaboracion-airco2-recordafest-reduccion-huella\/#primaryimage"},"thumbnailUrl":"https:\/\/www.airco2.earth\/blog\/wp-content\/uploads\/2024\/08\/Untitled.jpg","articleSection":["Casos de uso","Experiencia","Producto"],"inLanguage":"es","potentialAction":[{"@type":"CommentAction","name":"Comment","target":["https:\/\/www.airco2.earth\/blog\/2024\/08\/05\/colaboracion-airco2-recordafest-reduccion-huella\/#respond"]}]},{"@type":"WebPage","@id":"https:\/\/www.airco2.earth\/blog\/2024\/08\/05\/colaboracion-airco2-recordafest-reduccion-huella\/","url":"https:\/\/www.airco2.earth\/blog\/2024\/08\/05\/colaboracion-airco2-recordafest-reduccion-huella\/","name":"colaboracion-airco2-recordafest-reduccion-huella","isPartOf":{"@id":"https:\/\/www.airco2.earth\/blog\/#website"},"primaryImageOfPage":{"@id":"https:\/\/www.airco2.earth\/blog\/2024\/08\/05\/colaboracion-airco2-recordafest-reduccion-huella\/#primaryimage"},"image":{"@id":"https:\/\/www.airco2.earth\/blog\/2024\/08\/05\/colaboracion-airco2-recordafest-reduccion-huella\/#primaryimage"},"thumbnailUrl":"https:\/\/www.airco2.earth\/blog\/wp-content\/uploads\/2024\/08\/Untitled.jpg","datePublished":"2024-08-05T12:57:29+00:00","dateModified":"2024-08-26T09:55:05+00:00","description":"c\u00f3mo la colaboraci\u00f3n entre Airco2 y RecordaFest logr\u00f3 reducir significativamente la huella de carbono en eventos, impulsando la sostenibilidad","breadcrumb":{"@id":"https:\/\/www.airco2.earth\/blog\/2024\/08\/05\/colaboracion-airco2-recordafest-reduccion-huella\/#breadcrumb"},"inLanguage":"es","potentialAction":[{"@type":"ReadAction","target":["https:\/\/www.airco2.earth\/blog\/2024\/08\/05\/colaboracion-airco2-recordafest-reduccion-huella\/"]}]},{"@type":"ImageObject","inLanguage":"es","@id":"https:\/\/www.airco2.earth\/blog\/2024\/08\/05\/colaboracion-airco2-recordafest-reduccion-huella\/#primaryimage","url":"https:\/\/www.airco2.earth\/blog\/wp-content\/uploads\/2024\/08\/Untitled.jpg","contentUrl":"https:\/\/www.airco2.earth\/blog\/wp-content\/uploads\/2024\/08\/Untitled.jpg","width":2048,"height":1536},{"@type":"BreadcrumbList","@id":"https:\/\/www.airco2.earth\/blog\/2024\/08\/05\/colaboracion-airco2-recordafest-reduccion-huella\/#breadcrumb","itemListElement":[{"@type":"ListItem","position":1,"name":"Portada","item":"https:\/\/www.airco2.earth\/blog\/"},{"@type":"ListItem","position":2,"name":"Caso de uso: Ayuntamiento de Valladolid + C\u00e1mara de Comercio + CEOE"}]},{"@type":"WebSite","@id":"https:\/\/www.airco2.earth\/blog\/#website","url":"https:\/\/www.airco2.earth\/blog\/","name":"Airco2","description":"Noticias y consejos sobre Huella de Carbono","publisher":{"@id":"https:\/\/www.airco2.earth\/blog\/#organization"},"potentialAction":[{"@type":"SearchAction","target":{"@type":"EntryPoint","urlTemplate":"https:\/\/www.airco2.earth\/blog\/?s={search_term_string}"},"query-input":{"@type":"PropertyValueSpecification","valueRequired":true,"valueName":"search_term_string"}}],"inLanguage":"es"},{"@type":"Organization","@id":"https:\/\/www.airco2.earth\/blog\/#organization","name":"Airco2","url":"https:\/\/www.airco2.earth\/blog\/","logo":{"@type":"ImageObject","inLanguage":"es","@id":"https:\/\/www.airco2.earth\/blog\/#\/schema\/logo\/image\/","url":"","contentUrl":"","caption":"Airco2"},"image":{"@id":"https:\/\/www.airco2.earth\/blog\/#\/schema\/logo\/image\/"},"sameAs":["https:\/\/www.instagram.com\/airco2_fintech\/?hl=es","https:\/\/www.linkedin.com\/products\/airco2-carbon-manager\/?trk=organization_guest_main_product_card"]},{"@type":"Person","@id":"https:\/\/www.airco2.earth\/blog\/#\/schema\/person\/ef063bb18a0e906fa67453ed27890422","name":"airco2","image":{"@type":"ImageObject","inLanguage":"es","@id":"https:\/\/www.airco2.earth\/blog\/#\/schema\/person\/image\/","url":"https:\/\/secure.gravatar.com\/avatar\/6cc7b3398f8c011883a3f1a23d269c17?s=96&d=mm&r=g","contentUrl":"https:\/\/secure.gravatar.com\/avatar\/6cc7b3398f8c011883a3f1a23d269c17?s=96&d=mm&r=g","caption":"airco2"},"sameAs":["https:\/\/www.airco2.earth\/blog"],"url":"https:\/\/www.airco2.earth\/blog\/author\/airco2\/"}]}},"_links":{"self":[{"href":"https:\/\/www.airco2.earth\/blog\/wp-json\/wp\/v2\/posts\/286"}],"collection":[{"href":"https:\/\/www.airco2.earth\/blog\/wp-json\/wp\/v2\/posts"}],"about":[{"href":"https:\/\/www.airco2.earth\/blog\/wp-json\/wp\/v2\/types\/post"}],"author":[{"embeddable":true,"href":"https:\/\/www.airco2.earth\/blog\/wp-json\/wp\/v2\/users\/1"}],"replies":[{"embeddable":true,"href":"https:\/\/www.airco2.earth\/blog\/wp-json\/wp\/v2\/comments?post=286"}],"version-history":[{"count":2,"href":"https:\/\/www.airco2.earth\/blog\/wp-json\/wp\/v2\/posts\/286\/revisions"}],"predecessor-version":[{"id":602,"href":"https:\/\/www.airco2.earth\/blog\/wp-json\/wp\/v2\/posts\/286\/revisions\/602"}],"wp:featuredmedia":[{"embeddable":true,"href":"https:\/\/www.airco2.earth\/blog\/wp-json\/wp\/v2\/media\/287"}],"wp:attachment":[{"href":"https:\/\/www.airco2.earth\/blog\/wp-json\/wp\/v2\/media?parent=286"}],"wp:term":[{"taxonomy":"category","embeddable":true,"href":"https:\/\/www.airco2.earth\/blog\/wp-json\/wp\/v2\/categories?post=286"},{"taxonomy":"post_tag","embeddable":true,"href":"https:\/\/www.airco2.earth\/blog\/wp-json\/wp\/v2\/tags?post=286"}],"curies":[{"name":"wp","href":"https:\/\/api.w.org\/{rel}","templated":true}]}}