{"id":293,"date":"2024-08-05T17:55:15","date_gmt":"2024-08-05T15:55:15","guid":{"rendered":"https:\/\/web.dev.airco2.eu\/blog\/?p=293"},"modified":"2025-08-01T10:00:21","modified_gmt":"2025-08-01T08:00:21","slug":"cuales-son-los-alcances-de-la-huella-de-carbono","status":"publish","type":"post","link":"https:\/\/www.airco2.earth\/blog\/2024\/08\/05\/cuales-son-los-alcances-de-la-huella-de-carbono\/","title":{"rendered":"\u00bfCu\u00e1les son los alcances de la huella de carbono?"},"content":{"rendered":"\n<p>Para que las empresas aborden de manera efectiva la reducci\u00f3n de su huella de carbono, es crucial comprender y evaluar sus emisiones seg\u00fan los alcances 1, 2 y 3. Estos alcances, introducidos por el&nbsp;<em>Protocolo de Gases de Efecto Invernadero<\/em>, proporcionan un marco integral para analizar el impacto ambiental de las actividades empresariales. Veamos en detalle cada uno de ellos.<\/p>\n\n\n\n<figure class=\"wp-block-image size-large\"><a href=\"https:\/\/www.airco2.earth\/agendar-asesoria-inicial\" target=\"_blank\" rel=\"noreferrer noopener\"><img loading=\"lazy\" decoding=\"async\" width=\"1024\" height=\"576\" src=\"https:\/\/www.airco2.earth\/blog\/wp-content\/uploads\/2025\/05\/Te-ayudamos-a-medir-y-reducir-tu-huella-de-carbono-1024x576.png\" alt=\"\" class=\"wp-image-1176\" srcset=\"https:\/\/www.airco2.earth\/blog\/wp-content\/uploads\/2025\/05\/Te-ayudamos-a-medir-y-reducir-tu-huella-de-carbono-1024x576.png 1024w, https:\/\/www.airco2.earth\/blog\/wp-content\/uploads\/2025\/05\/Te-ayudamos-a-medir-y-reducir-tu-huella-de-carbono-300x169.png 300w, https:\/\/www.airco2.earth\/blog\/wp-content\/uploads\/2025\/05\/Te-ayudamos-a-medir-y-reducir-tu-huella-de-carbono-768x432.png 768w, https:\/\/www.airco2.earth\/blog\/wp-content\/uploads\/2025\/05\/Te-ayudamos-a-medir-y-reducir-tu-huella-de-carbono-1536x864.png 1536w, https:\/\/www.airco2.earth\/blog\/wp-content\/uploads\/2025\/05\/Te-ayudamos-a-medir-y-reducir-tu-huella-de-carbono-2048x1152.png 2048w\" sizes=\"(max-width: 1024px) 100vw, 1024px\" \/><\/a><\/figure>\n\n\n\n<h4 class=\"wp-block-heading\"><strong>\u00bfQu\u00e9 es la huella de carbono?<\/strong><\/h4>\n\n\n\n<p>Antes de adentrarnos en los alcances, es importante comprender que la huella de carbono de una organizaci\u00f3n abarca exclusivamente las actividades y procesos llevados a cabo internamente para ofrecer servicios o fabricar productos. Todo aquello que exceda los l\u00edmites de la actividad organizacional se considerar\u00e1 en otros c\u00e1lculos de huella, como la de proveedores o la del producto.<\/p>\n\n\n\n<h4 class=\"wp-block-heading\"><strong>Alcance 2: Emisiones indirectas&nbsp;<\/strong><\/h4>\n\n\n\n<p>Las emisiones de alcance 2 se refieren a la energ\u00eda consumida por una empresa, como electricidad, calefacci\u00f3n y refrigeraci\u00f3n. Estas emisiones son indirectas pero resultan de la generaci\u00f3n de energ\u00eda necesaria para las operaciones empresariales. Es esencial determinar la proporci\u00f3n de energ\u00eda proveniente de fuentes renovables frente a combustibles f\u00f3siles, as\u00ed como la cantidad total de energ\u00eda utilizada.<\/p>\n\n\n\n<h4 class=\"wp-block-heading\"><strong>Alcance 3: Emisiones Indirectas&nbsp;<\/strong><\/h4>\n\n\n\n<p>Las emisiones de alcance 3 abarcan una amplia gama de actividades que contribuyen a la huella de carbono de una empresa pero que est\u00e1n fuera de su control directo. Esto incluye las emisiones generadas por proveedores, el transporte de productos, el uso y disposici\u00f3n final de los productos por parte de los consumidores, entre otros. A menudo, las emisiones de alcance 3 representan la mayor parte de la huella de carbono total de una empresa y son fundamentales para comprender el impacto ambiental completo de sus operaciones.<\/p>\n\n\n\n<p>Evaluar las emisiones seg\u00fan los alcances 1, 2 y 3 es el primer paso para desarrollar estrategias efectivas de reducci\u00f3n de la huella de carbono. Proporciona una visi\u00f3n hol\u00edstica de las fuentes de emisiones y permite identificar \u00e1reas clave de mejora. Al comprender y abordar estas emisiones, las empresas pueden avanzar hacia la sostenibilidad ambiental y contribuir positivamente a la lucha contra el cambio clim\u00e1tico.<\/p>\n\n\n\n<h4 class=\"wp-block-heading\"><strong>Calculadoras de huella de carbono<\/strong><\/h4>\n\n\n\n<p>Cada vez son m\u00e1s las empresas que est\u00e1n desarrollando calculadoras automatizadas de huella de carbono para ayudar a empresas en su proceso de descarbonizaci\u00f3n. Empresas como Airco2 ha desarrollado una calculadora para todo tipo de organizaciones, y ofrece servicios de c\u00e1lculo para eventos e industrias en general.&nbsp;<\/p>\n\n\n\n<p>Si est\u00e1s buscando comprender y reducir la huella de carbono de tu empresa, estas calculadoras son tu aliado. Te ofrecen la oportunidad de cuantificar y comprender el impacto ambiental de tus operaciones.&nbsp;<\/p>\n\n\n\n<h4 class=\"wp-block-heading\"><strong>\u00bfListo para dar el primer paso?<\/strong><\/h4>\n\n\n\n<p><a href=\"https:\/\/www.airco2.earth\/\" rel=\"noreferrer noopener\" target=\"_blank\">Contacta<\/a>&nbsp;a nuestro equipo y comienza tu viaje hacia la descarbonizaci\u00f3n. Nuestros expertos est\u00e1n aqu\u00ed para brindarte el apoyo que necesitas en este importante proceso. \u00a1Juntos, podemos hacer la diferencia!<\/p>\n","protected":false},"excerpt":{"rendered":"<p>Para que las empresas aborden de manera efectiva la reducci\u00f3n de su huella de carbono, es crucial comprender y evaluar sus emisiones seg\u00fan los alcances 1, 2 y 3. Estos alcances, introducidos por el&nbsp;Protocolo de Gases de Efecto Invernadero, proporcionan un marco integral para analizar el impacto ambiental de las actividades empresariales. Veamos en detalle [&hellip;]<\/p>\n","protected":false},"author":1,"featured_media":294,"comment_status":"open","ping_status":"open","sticky":false,"template":"","format":"standard","meta":{"_yoast_wpseo_title":"Reducir la huella de carbono empresarial","_yoast_wpseo_metadesc":"C\u00f3mo los alcances 1, 2 y 3 del Protocolo de Gases de Efecto Invernadero son clave para medir y reducir la huella de carbono.","footnotes":""},"categories":[11,8],"tags":[],"class_list":["post-293","post","type-post","status-publish","format-standard","has-post-thumbnail","hentry","category-legislacion","category-producto"],"yoast_head":"<!-- This site is optimized with the Yoast SEO plugin v25.6 - https:\/\/yoast.com\/wordpress\/plugins\/seo\/ -->\n<title>Reducir la huella de carbono empresarial<\/title>\n<meta name=\"description\" content=\"C\u00f3mo los alcances 1, 2 y 3 del Protocolo de Gases de Efecto Invernadero son clave para medir y reducir la huella de carbono.\" \/>\n<meta name=\"robots\" content=\"index, follow, max-snippet:-1, max-image-preview:large, max-video-preview:-1\" \/>\n<link rel=\"canonical\" href=\"https:\/\/www.airco2.earth\/blog\/2024\/08\/05\/cuales-son-los-alcances-de-la-huella-de-carbono\/\" \/>\n<meta property=\"og:locale\" content=\"es_ES\" \/>\n<meta property=\"og:type\" content=\"article\" \/>\n<meta property=\"og:title\" content=\"Reducir la huella de carbono empresarial\" \/>\n<meta property=\"og:description\" content=\"C\u00f3mo los alcances 1, 2 y 3 del Protocolo de Gases de Efecto Invernadero son clave para medir y reducir la huella de carbono.\" \/>\n<meta property=\"og:url\" content=\"https:\/\/www.airco2.earth\/blog\/2024\/08\/05\/cuales-son-los-alcances-de-la-huella-de-carbono\/\" \/>\n<meta property=\"og:site_name\" content=\"Blog airCO2\" \/>\n<meta property=\"article:published_time\" content=\"2024-08-05T15:55:15+00:00\" \/>\n<meta property=\"article:modified_time\" content=\"2025-08-01T08:00:21+00:00\" \/>\n<meta property=\"og:image\" content=\"https:\/\/www.airco2.earth\/blog\/wp-content\/uploads\/2024\/08\/Alcances-1-2-3-Huella.png\" \/>\n\t<meta property=\"og:image:width\" content=\"2245\" \/>\n\t<meta property=\"og:image:height\" content=\"1587\" \/>\n\t<meta property=\"og:image:type\" content=\"image\/png\" \/>\n<meta name=\"author\" content=\"airco2\" \/>\n<meta name=\"twitter:card\" content=\"summary_large_image\" \/>\n<meta name=\"twitter:label1\" content=\"Escrito por\" \/>\n\t<meta name=\"twitter:data1\" content=\"airco2\" \/>\n\t<meta name=\"twitter:label2\" content=\"Tiempo de lectura\" \/>\n\t<meta name=\"twitter:data2\" content=\"3 minutos\" \/>\n<script type=\"application\/ld+json\" class=\"yoast-schema-graph\">{\"@context\":\"https:\/\/schema.org\",\"@graph\":[{\"@type\":\"Article\",\"@id\":\"https:\/\/www.airco2.earth\/blog\/2024\/08\/05\/cuales-son-los-alcances-de-la-huella-de-carbono\/#article\",\"isPartOf\":{\"@id\":\"https:\/\/www.airco2.earth\/blog\/2024\/08\/05\/cuales-son-los-alcances-de-la-huella-de-carbono\/\"},\"author\":{\"name\":\"airco2\",\"@id\":\"https:\/\/www.airco2.earth\/blog\/#\/schema\/person\/ef063bb18a0e906fa67453ed27890422\"},\"headline\":\"\u00bfCu\u00e1les son los alcances de la huella de carbono?\",\"datePublished\":\"2024-08-05T15:55:15+00:00\",\"dateModified\":\"2025-08-01T08:00:21+00:00\",\"mainEntityOfPage\":{\"@id\":\"https:\/\/www.airco2.earth\/blog\/2024\/08\/05\/cuales-son-los-alcances-de-la-huella-de-carbono\/\"},\"wordCount\":495,\"commentCount\":0,\"publisher\":{\"@id\":\"https:\/\/www.airco2.earth\/blog\/#organization\"},\"image\":{\"@id\":\"https:\/\/www.airco2.earth\/blog\/2024\/08\/05\/cuales-son-los-alcances-de-la-huella-de-carbono\/#primaryimage\"},\"thumbnailUrl\":\"https:\/\/www.airco2.earth\/blog\/wp-content\/uploads\/2024\/08\/Alcances-1-2-3-Huella.png\",\"articleSection\":[\"Legislaci\u00f3n\",\"Producto\"],\"inLanguage\":\"es\",\"potentialAction\":[{\"@type\":\"CommentAction\",\"name\":\"Comment\",\"target\":[\"https:\/\/www.airco2.earth\/blog\/2024\/08\/05\/cuales-son-los-alcances-de-la-huella-de-carbono\/#respond\"]}]},{\"@type\":\"WebPage\",\"@id\":\"https:\/\/www.airco2.earth\/blog\/2024\/08\/05\/cuales-son-los-alcances-de-la-huella-de-carbono\/\",\"url\":\"https:\/\/www.airco2.earth\/blog\/2024\/08\/05\/cuales-son-los-alcances-de-la-huella-de-carbono\/\",\"name\":\"Reducir la huella de carbono empresarial\",\"isPartOf\":{\"@id\":\"https:\/\/www.airco2.earth\/blog\/#website\"},\"primaryImageOfPage\":{\"@id\":\"https:\/\/www.airco2.earth\/blog\/2024\/08\/05\/cuales-son-los-alcances-de-la-huella-de-carbono\/#primaryimage\"},\"image\":{\"@id\":\"https:\/\/www.airco2.earth\/blog\/2024\/08\/05\/cuales-son-los-alcances-de-la-huella-de-carbono\/#primaryimage\"},\"thumbnailUrl\":\"https:\/\/www.airco2.earth\/blog\/wp-content\/uploads\/2024\/08\/Alcances-1-2-3-Huella.png\",\"datePublished\":\"2024-08-05T15:55:15+00:00\",\"dateModified\":\"2025-08-01T08:00:21+00:00\",\"description\":\"C\u00f3mo los alcances 1, 2 y 3 del Protocolo de Gases de Efecto Invernadero son clave para medir y reducir la huella de carbono.\",\"breadcrumb\":{\"@id\":\"https:\/\/www.airco2.earth\/blog\/2024\/08\/05\/cuales-son-los-alcances-de-la-huella-de-carbono\/#breadcrumb\"},\"inLanguage\":\"es\",\"potentialAction\":[{\"@type\":\"ReadAction\",\"target\":[\"https:\/\/www.airco2.earth\/blog\/2024\/08\/05\/cuales-son-los-alcances-de-la-huella-de-carbono\/\"]}]},{\"@type\":\"ImageObject\",\"inLanguage\":\"es\",\"@id\":\"https:\/\/www.airco2.earth\/blog\/2024\/08\/05\/cuales-son-los-alcances-de-la-huella-de-carbono\/#primaryimage\",\"url\":\"https:\/\/www.airco2.earth\/blog\/wp-content\/uploads\/2024\/08\/Alcances-1-2-3-Huella.png\",\"contentUrl\":\"https:\/\/www.airco2.earth\/blog\/wp-content\/uploads\/2024\/08\/Alcances-1-2-3-Huella.png\",\"width\":2245,\"height\":1587},{\"@type\":\"BreadcrumbList\",\"@id\":\"https:\/\/www.airco2.earth\/blog\/2024\/08\/05\/cuales-son-los-alcances-de-la-huella-de-carbono\/#breadcrumb\",\"itemListElement\":[{\"@type\":\"ListItem\",\"position\":1,\"name\":\"Portada\",\"item\":\"https:\/\/www.airco2.earth\/blog\/\"},{\"@type\":\"ListItem\",\"position\":2,\"name\":\"\u00bfCu\u00e1les son los alcances de la huella de carbono?\"}]},{\"@type\":\"WebSite\",\"@id\":\"https:\/\/www.airco2.earth\/blog\/#website\",\"url\":\"https:\/\/www.airco2.earth\/blog\/\",\"name\":\"Airco2\",\"description\":\"Noticias y consejos sobre Huella de Carbono\",\"publisher\":{\"@id\":\"https:\/\/www.airco2.earth\/blog\/#organization\"},\"potentialAction\":[{\"@type\":\"SearchAction\",\"target\":{\"@type\":\"EntryPoint\",\"urlTemplate\":\"https:\/\/www.airco2.earth\/blog\/?s={search_term_string}\"},\"query-input\":{\"@type\":\"PropertyValueSpecification\",\"valueRequired\":true,\"valueName\":\"search_term_string\"}}],\"inLanguage\":\"es\"},{\"@type\":\"Organization\",\"@id\":\"https:\/\/www.airco2.earth\/blog\/#organization\",\"name\":\"Airco2\",\"url\":\"https:\/\/www.airco2.earth\/blog\/\",\"logo\":{\"@type\":\"ImageObject\",\"inLanguage\":\"es\",\"@id\":\"https:\/\/www.airco2.earth\/blog\/#\/schema\/logo\/image\/\",\"url\":\"\",\"contentUrl\":\"\",\"caption\":\"Airco2\"},\"image\":{\"@id\":\"https:\/\/www.airco2.earth\/blog\/#\/schema\/logo\/image\/\"},\"sameAs\":[\"https:\/\/www.instagram.com\/airco2_fintech\/?hl=es\",\"https:\/\/www.linkedin.com\/products\/airco2-carbon-manager\/?trk=organization_guest_main_product_card\"]},{\"@type\":\"Person\",\"@id\":\"https:\/\/www.airco2.earth\/blog\/#\/schema\/person\/ef063bb18a0e906fa67453ed27890422\",\"name\":\"airco2\",\"image\":{\"@type\":\"ImageObject\",\"inLanguage\":\"es\",\"@id\":\"https:\/\/www.airco2.earth\/blog\/#\/schema\/person\/image\/\",\"url\":\"https:\/\/secure.gravatar.com\/avatar\/6cc7b3398f8c011883a3f1a23d269c17?s=96&d=mm&r=g\",\"contentUrl\":\"https:\/\/secure.gravatar.com\/avatar\/6cc7b3398f8c011883a3f1a23d269c17?s=96&d=mm&r=g\",\"caption\":\"airco2\"},\"sameAs\":[\"https:\/\/www.airco2.earth\/blog\"],\"url\":\"https:\/\/www.airco2.earth\/blog\/author\/airco2\/\"}]}<\/script>\n<!-- \/ Yoast SEO plugin. -->","yoast_head_json":{"title":"Reducir la huella de carbono empresarial","description":"C\u00f3mo los alcances 1, 2 y 3 del Protocolo de Gases de Efecto Invernadero son clave para medir y reducir la huella de carbono.","robots":{"index":"index","follow":"follow","max-snippet":"max-snippet:-1","max-image-preview":"max-image-preview:large","max-video-preview":"max-video-preview:-1"},"canonical":"https:\/\/www.airco2.earth\/blog\/2024\/08\/05\/cuales-son-los-alcances-de-la-huella-de-carbono\/","og_locale":"es_ES","og_type":"article","og_title":"Reducir la huella de carbono empresarial","og_description":"C\u00f3mo los alcances 1, 2 y 3 del Protocolo de Gases de Efecto Invernadero son clave para medir y reducir la huella de carbono.","og_url":"https:\/\/www.airco2.earth\/blog\/2024\/08\/05\/cuales-son-los-alcances-de-la-huella-de-carbono\/","og_site_name":"Blog airCO2","article_published_time":"2024-08-05T15:55:15+00:00","article_modified_time":"2025-08-01T08:00:21+00:00","og_image":[{"width":2245,"height":1587,"url":"https:\/\/www.airco2.earth\/blog\/wp-content\/uploads\/2024\/08\/Alcances-1-2-3-Huella.png","type":"image\/png"}],"author":"airco2","twitter_card":"summary_large_image","twitter_misc":{"Escrito por":"airco2","Tiempo de lectura":"3 minutos"},"schema":{"@context":"https:\/\/schema.org","@graph":[{"@type":"Article","@id":"https:\/\/www.airco2.earth\/blog\/2024\/08\/05\/cuales-son-los-alcances-de-la-huella-de-carbono\/#article","isPartOf":{"@id":"https:\/\/www.airco2.earth\/blog\/2024\/08\/05\/cuales-son-los-alcances-de-la-huella-de-carbono\/"},"author":{"name":"airco2","@id":"https:\/\/www.airco2.earth\/blog\/#\/schema\/person\/ef063bb18a0e906fa67453ed27890422"},"headline":"\u00bfCu\u00e1les son los alcances de la huella de carbono?","datePublished":"2024-08-05T15:55:15+00:00","dateModified":"2025-08-01T08:00:21+00:00","mainEntityOfPage":{"@id":"https:\/\/www.airco2.earth\/blog\/2024\/08\/05\/cuales-son-los-alcances-de-la-huella-de-carbono\/"},"wordCount":495,"commentCount":0,"publisher":{"@id":"https:\/\/www.airco2.earth\/blog\/#organization"},"image":{"@id":"https:\/\/www.airco2.earth\/blog\/2024\/08\/05\/cuales-son-los-alcances-de-la-huella-de-carbono\/#primaryimage"},"thumbnailUrl":"https:\/\/www.airco2.earth\/blog\/wp-content\/uploads\/2024\/08\/Alcances-1-2-3-Huella.png","articleSection":["Legislaci\u00f3n","Producto"],"inLanguage":"es","potentialAction":[{"@type":"CommentAction","name":"Comment","target":["https:\/\/www.airco2.earth\/blog\/2024\/08\/05\/cuales-son-los-alcances-de-la-huella-de-carbono\/#respond"]}]},{"@type":"WebPage","@id":"https:\/\/www.airco2.earth\/blog\/2024\/08\/05\/cuales-son-los-alcances-de-la-huella-de-carbono\/","url":"https:\/\/www.airco2.earth\/blog\/2024\/08\/05\/cuales-son-los-alcances-de-la-huella-de-carbono\/","name":"Reducir la huella de carbono empresarial","isPartOf":{"@id":"https:\/\/www.airco2.earth\/blog\/#website"},"primaryImageOfPage":{"@id":"https:\/\/www.airco2.earth\/blog\/2024\/08\/05\/cuales-son-los-alcances-de-la-huella-de-carbono\/#primaryimage"},"image":{"@id":"https:\/\/www.airco2.earth\/blog\/2024\/08\/05\/cuales-son-los-alcances-de-la-huella-de-carbono\/#primaryimage"},"thumbnailUrl":"https:\/\/www.airco2.earth\/blog\/wp-content\/uploads\/2024\/08\/Alcances-1-2-3-Huella.png","datePublished":"2024-08-05T15:55:15+00:00","dateModified":"2025-08-01T08:00:21+00:00","description":"C\u00f3mo los alcances 1, 2 y 3 del Protocolo de Gases de Efecto Invernadero son clave para medir y reducir la huella de carbono.","breadcrumb":{"@id":"https:\/\/www.airco2.earth\/blog\/2024\/08\/05\/cuales-son-los-alcances-de-la-huella-de-carbono\/#breadcrumb"},"inLanguage":"es","potentialAction":[{"@type":"ReadAction","target":["https:\/\/www.airco2.earth\/blog\/2024\/08\/05\/cuales-son-los-alcances-de-la-huella-de-carbono\/"]}]},{"@type":"ImageObject","inLanguage":"es","@id":"https:\/\/www.airco2.earth\/blog\/2024\/08\/05\/cuales-son-los-alcances-de-la-huella-de-carbono\/#primaryimage","url":"https:\/\/www.airco2.earth\/blog\/wp-content\/uploads\/2024\/08\/Alcances-1-2-3-Huella.png","contentUrl":"https:\/\/www.airco2.earth\/blog\/wp-content\/uploads\/2024\/08\/Alcances-1-2-3-Huella.png","width":2245,"height":1587},{"@type":"BreadcrumbList","@id":"https:\/\/www.airco2.earth\/blog\/2024\/08\/05\/cuales-son-los-alcances-de-la-huella-de-carbono\/#breadcrumb","itemListElement":[{"@type":"ListItem","position":1,"name":"Portada","item":"https:\/\/www.airco2.earth\/blog\/"},{"@type":"ListItem","position":2,"name":"\u00bfCu\u00e1les son los alcances de la huella de carbono?"}]},{"@type":"WebSite","@id":"https:\/\/www.airco2.earth\/blog\/#website","url":"https:\/\/www.airco2.earth\/blog\/","name":"Airco2","description":"Noticias y consejos sobre Huella de Carbono","publisher":{"@id":"https:\/\/www.airco2.earth\/blog\/#organization"},"potentialAction":[{"@type":"SearchAction","target":{"@type":"EntryPoint","urlTemplate":"https:\/\/www.airco2.earth\/blog\/?s={search_term_string}"},"query-input":{"@type":"PropertyValueSpecification","valueRequired":true,"valueName":"search_term_string"}}],"inLanguage":"es"},{"@type":"Organization","@id":"https:\/\/www.airco2.earth\/blog\/#organization","name":"Airco2","url":"https:\/\/www.airco2.earth\/blog\/","logo":{"@type":"ImageObject","inLanguage":"es","@id":"https:\/\/www.airco2.earth\/blog\/#\/schema\/logo\/image\/","url":"","contentUrl":"","caption":"Airco2"},"image":{"@id":"https:\/\/www.airco2.earth\/blog\/#\/schema\/logo\/image\/"},"sameAs":["https:\/\/www.instagram.com\/airco2_fintech\/?hl=es","https:\/\/www.linkedin.com\/products\/airco2-carbon-manager\/?trk=organization_guest_main_product_card"]},{"@type":"Person","@id":"https:\/\/www.airco2.earth\/blog\/#\/schema\/person\/ef063bb18a0e906fa67453ed27890422","name":"airco2","image":{"@type":"ImageObject","inLanguage":"es","@id":"https:\/\/www.airco2.earth\/blog\/#\/schema\/person\/image\/","url":"https:\/\/secure.gravatar.com\/avatar\/6cc7b3398f8c011883a3f1a23d269c17?s=96&d=mm&r=g","contentUrl":"https:\/\/secure.gravatar.com\/avatar\/6cc7b3398f8c011883a3f1a23d269c17?s=96&d=mm&r=g","caption":"airco2"},"sameAs":["https:\/\/www.airco2.earth\/blog"],"url":"https:\/\/www.airco2.earth\/blog\/author\/airco2\/"}]}},"_links":{"self":[{"href":"https:\/\/www.airco2.earth\/blog\/wp-json\/wp\/v2\/posts\/293"}],"collection":[{"href":"https:\/\/www.airco2.earth\/blog\/wp-json\/wp\/v2\/posts"}],"about":[{"href":"https:\/\/www.airco2.earth\/blog\/wp-json\/wp\/v2\/types\/post"}],"author":[{"embeddable":true,"href":"https:\/\/www.airco2.earth\/blog\/wp-json\/wp\/v2\/users\/1"}],"replies":[{"embeddable":true,"href":"https:\/\/www.airco2.earth\/blog\/wp-json\/wp\/v2\/comments?post=293"}],"version-history":[{"count":3,"href":"https:\/\/www.airco2.earth\/blog\/wp-json\/wp\/v2\/posts\/293\/revisions"}],"predecessor-version":[{"id":1202,"href":"https:\/\/www.airco2.earth\/blog\/wp-json\/wp\/v2\/posts\/293\/revisions\/1202"}],"wp:featuredmedia":[{"embeddable":true,"href":"https:\/\/www.airco2.earth\/blog\/wp-json\/wp\/v2\/media\/294"}],"wp:attachment":[{"href":"https:\/\/www.airco2.earth\/blog\/wp-json\/wp\/v2\/media?parent=293"}],"wp:term":[{"taxonomy":"category","embeddable":true,"href":"https:\/\/www.airco2.earth\/blog\/wp-json\/wp\/v2\/categories?post=293"},{"taxonomy":"post_tag","embeddable":true,"href":"https:\/\/www.airco2.earth\/blog\/wp-json\/wp\/v2\/tags?post=293"}],"curies":[{"name":"wp","href":"https:\/\/api.w.org\/{rel}","templated":true}]}}