{"id":296,"date":"2024-08-05T18:01:18","date_gmt":"2024-08-05T16:01:18","guid":{"rendered":"https:\/\/web.dev.airco2.eu\/blog\/?p=296"},"modified":"2024-11-11T10:49:03","modified_gmt":"2024-11-11T09:49:03","slug":"caso-de-uso-recordafest","status":"publish","type":"post","link":"https:\/\/www.airco2.earth\/blog\/2024\/08\/05\/caso-de-uso-recordafest\/","title":{"rendered":"RecordaFest"},"content":{"rendered":"\n<p> RecordaFest ha mantenido una fuerte inclinaci\u00f3n hacia la sostenibilidad. Sin embargo, como sucede en eventos de gran envergadura, uno de los principales retos era c\u00f3mo minimizar la huella de carbono y fomentar pr\u00e1cticas responsables entre miles de asistentes<\/p>\n\n\n\n<h4 class=\"wp-block-heading\"><strong>Airco2 y RecordaFest: Un Ejemplo de Sostenibilidad en Eventos<\/strong><\/h4>\n\n\n\n<p>En un mundo cada vez m\u00e1s consciente de la urgencia ambiental, la sostenibilidad se ha convertido en una prioridad para muchas empresas y eventos. Uno de los ejemplos m\u00e1s destacados es la alianza entre <strong>Airco2<\/strong> y el festival de m\u00fasica <strong>RecordaFest<\/strong>, un evento que ha dejado huella no solo por su m\u00fasica, sino tambi\u00e9n por su compromiso con el medio ambiente.<\/p>\n\n\n\n<h4 class=\"wp-block-heading\"><strong>Desaf\u00edo: Un Festival Comprometido con la Sostenibilidad<\/strong><\/h4>\n\n\n\n<p>Desde su primera edici\u00f3n, RecordaFest ha mantenido una fuerte inclinaci\u00f3n hacia la sostenibilidad. Sin embargo, como sucede en eventos de gran envergadura, uno de los principales retos era c\u00f3mo minimizar la huella de carbono y fomentar pr\u00e1cticas responsables entre miles de asistentes. Este desaf\u00edo se convirti\u00f3 en una oportunidad para demostrar que la m\u00fasica y la sostenibilidad pueden coexistir de manera armoniosa.<\/p>\n\n\n\n<h4 class=\"wp-block-heading\"><strong>Soluci\u00f3n: La Alianza con Airco2<\/strong><\/h4>\n\n\n\n<p>Para afrontar este reto, RecordaFest se uni\u00f3 a Airco2, una empresa especializada en el c\u00e1lculo y compensaci\u00f3n de la huella de carbono. Esta colaboraci\u00f3n fue clave para dise\u00f1ar estrategias concretas que ayudaran al festival a reducir su impacto ambiental. Desde la energ\u00eda utilizada en las presentaciones hasta la log\u00edstica de transporte y la gesti\u00f3n de residuos, cada aspecto fue cuidadosamente evaluado.<\/p>\n\n\n\n<h4 class=\"wp-block-heading\"><strong>Implementaci\u00f3n: Conciencia Ambiental en Acci\u00f3n<\/strong><\/h4>\n\n\n\n<p>Durante el festival, Airco2 no solo calcul\u00f3 la huella de carbono del evento, sino que involucr\u00f3 activamente a los asistentes. El stand interactivo instalado por Airco2 permiti\u00f3 a los participantes calcular su propia huella de carbono en tiempo real, evaluando factores como el transporte utilizado, el alojamiento y el consumo durante su estad\u00eda. Esta experiencia pr\u00e1ctica no solo educ\u00f3, sino que motiv\u00f3 a los asistentes a adoptar pr\u00e1cticas m\u00e1s sostenibles tanto dentro como fuera del festival.<\/p>\n\n\n\n<h4 class=\"wp-block-heading\"><strong>Resultados: Un Impacto Ambiental y Social Positivo<\/strong><\/h4>\n\n\n\n<p>Los resultados de esta colaboraci\u00f3n fueron contundentes. Miles de personas participaron en la iniciativa, lo que se tradujo en un cambio tangible en el comportamiento de los asistentes. Entre las medidas adoptadas se destac\u00f3 la preferencia por el transporte colectivo o la bicicleta, as\u00ed como la disminuci\u00f3n de residuos mediante la reutilizaci\u00f3n de materiales y la reducci\u00f3n de desperdicio de alimentos.<\/p>\n\n\n\n<p>El an\u00e1lisis de la huella de carbono proporcion\u00f3 a los organizadores una hoja de ruta clara para futuras ediciones del festival, permiti\u00e9ndoles implementar mejoras que minimicen a\u00fan m\u00e1s el impacto ambiental. Este enfoque proactivo no solo beneficia al medio ambiente, sino que tambi\u00e9n refuerza la reputaci\u00f3n del festival como un evento comprometido con la sostenibilidad.<\/p>\n\n\n\n<h4 class=\"wp-block-heading\"><strong>Un Futuro m\u00e1s Verde y Consciente<\/strong><\/h4>\n\n\n\n<p>La colaboraci\u00f3n entre <a href=\"https:\/\/www.airco2.earth\/\">Airco2 <\/a>y<a href=\"https:\/\/recordafest.es\/\"> RecordaFest <\/a>subraya la importancia de unir esfuerzos para lograr un cambio real en la lucha contra el cambio clim\u00e1tico. Este caso de \u00e9xito demuestra que, con la planificaci\u00f3n adecuada y el compromiso de todos los actores involucrados, es posible organizar eventos a gran escala sin comprometer al planeta. La conciencia ambiental combinada con acciones concretas es el camino hacia un futuro m\u00e1s verde y sostenible, donde tanto la diversi\u00f3n como la responsabilidad pueden coexistir.<\/p>\n","protected":false},"excerpt":{"rendered":"<p>RecordaFest ha mantenido una fuerte inclinaci\u00f3n hacia la sostenibilidad. Sin embargo, como sucede en eventos de gran envergadura, uno de los principales retos era c\u00f3mo minimizar la huella de carbono y fomentar pr\u00e1cticas responsables entre miles de asistentes Airco2 y RecordaFest: Un Ejemplo de Sostenibilidad en Eventos En un mundo cada vez m\u00e1s consciente de [&hellip;]<\/p>\n","protected":false},"author":1,"featured_media":297,"comment_status":"open","ping_status":"open","sticky":false,"template":"","format":"standard","meta":{"_yoast_wpseo_title":"RecordaFest, una fuerte inclinaci\u00f3n hacia la sostenibilidad.","_yoast_wpseo_metadesc":"RecordaFest ha mantenido una fuerte inclinaci\u00f3n hacia la sostenibilidad , como sucede en eventos de gran envergadura.","footnotes":""},"categories":[9],"tags":[],"class_list":["post-296","post","type-post","status-publish","format-standard","has-post-thumbnail","hentry","category-experiencia"],"yoast_head":"<!-- This site is optimized with the Yoast SEO plugin v25.6 - https:\/\/yoast.com\/wordpress\/plugins\/seo\/ -->\n<title>RecordaFest, una fuerte inclinaci\u00f3n hacia la sostenibilidad.<\/title>\n<meta name=\"description\" content=\"RecordaFest ha mantenido una fuerte inclinaci\u00f3n hacia la sostenibilidad , como sucede en eventos de gran envergadura.\" \/>\n<meta name=\"robots\" content=\"index, follow, max-snippet:-1, max-image-preview:large, max-video-preview:-1\" \/>\n<link rel=\"canonical\" href=\"https:\/\/www.airco2.earth\/blog\/2024\/08\/05\/caso-de-uso-recordafest\/\" \/>\n<meta property=\"og:locale\" content=\"es_ES\" \/>\n<meta property=\"og:type\" content=\"article\" \/>\n<meta property=\"og:title\" content=\"RecordaFest, una fuerte inclinaci\u00f3n hacia la sostenibilidad.\" \/>\n<meta property=\"og:description\" content=\"RecordaFest ha mantenido una fuerte inclinaci\u00f3n hacia la sostenibilidad , como sucede en eventos de gran envergadura.\" \/>\n<meta property=\"og:url\" content=\"https:\/\/www.airco2.earth\/blog\/2024\/08\/05\/caso-de-uso-recordafest\/\" \/>\n<meta property=\"og:site_name\" content=\"Blog airCO2\" \/>\n<meta property=\"article:published_time\" content=\"2024-08-05T16:01:18+00:00\" \/>\n<meta property=\"article:modified_time\" content=\"2024-11-11T09:49:03+00:00\" \/>\n<meta property=\"og:image\" content=\"https:\/\/www.airco2.earth\/blog\/wp-content\/uploads\/2024\/08\/Recorda-Fest.jpg\" \/>\n\t<meta property=\"og:image:width\" content=\"1105\" \/>\n\t<meta property=\"og:image:height\" content=\"434\" \/>\n\t<meta property=\"og:image:type\" content=\"image\/jpeg\" \/>\n<meta name=\"author\" content=\"airco2\" \/>\n<meta name=\"twitter:card\" content=\"summary_large_image\" \/>\n<meta name=\"twitter:label1\" content=\"Escrito por\" \/>\n\t<meta name=\"twitter:data1\" content=\"airco2\" \/>\n\t<meta name=\"twitter:label2\" content=\"Tiempo de lectura\" \/>\n\t<meta name=\"twitter:data2\" content=\"3 minutos\" \/>\n<script type=\"application\/ld+json\" class=\"yoast-schema-graph\">{\"@context\":\"https:\/\/schema.org\",\"@graph\":[{\"@type\":\"Article\",\"@id\":\"https:\/\/www.airco2.earth\/blog\/2024\/08\/05\/caso-de-uso-recordafest\/#article\",\"isPartOf\":{\"@id\":\"https:\/\/www.airco2.earth\/blog\/2024\/08\/05\/caso-de-uso-recordafest\/\"},\"author\":{\"name\":\"airco2\",\"@id\":\"https:\/\/www.airco2.earth\/blog\/#\/schema\/person\/ef063bb18a0e906fa67453ed27890422\"},\"headline\":\"RecordaFest\",\"datePublished\":\"2024-08-05T16:01:18+00:00\",\"dateModified\":\"2024-11-11T09:49:03+00:00\",\"mainEntityOfPage\":{\"@id\":\"https:\/\/www.airco2.earth\/blog\/2024\/08\/05\/caso-de-uso-recordafest\/\"},\"wordCount\":578,\"commentCount\":0,\"publisher\":{\"@id\":\"https:\/\/www.airco2.earth\/blog\/#organization\"},\"image\":{\"@id\":\"https:\/\/www.airco2.earth\/blog\/2024\/08\/05\/caso-de-uso-recordafest\/#primaryimage\"},\"thumbnailUrl\":\"https:\/\/www.airco2.earth\/blog\/wp-content\/uploads\/2024\/08\/Recorda-Fest.jpg\",\"articleSection\":[\"Experiencia\"],\"inLanguage\":\"es\",\"potentialAction\":[{\"@type\":\"CommentAction\",\"name\":\"Comment\",\"target\":[\"https:\/\/www.airco2.earth\/blog\/2024\/08\/05\/caso-de-uso-recordafest\/#respond\"]}]},{\"@type\":\"WebPage\",\"@id\":\"https:\/\/www.airco2.earth\/blog\/2024\/08\/05\/caso-de-uso-recordafest\/\",\"url\":\"https:\/\/www.airco2.earth\/blog\/2024\/08\/05\/caso-de-uso-recordafest\/\",\"name\":\"RecordaFest, una fuerte inclinaci\u00f3n hacia la sostenibilidad.\",\"isPartOf\":{\"@id\":\"https:\/\/www.airco2.earth\/blog\/#website\"},\"primaryImageOfPage\":{\"@id\":\"https:\/\/www.airco2.earth\/blog\/2024\/08\/05\/caso-de-uso-recordafest\/#primaryimage\"},\"image\":{\"@id\":\"https:\/\/www.airco2.earth\/blog\/2024\/08\/05\/caso-de-uso-recordafest\/#primaryimage\"},\"thumbnailUrl\":\"https:\/\/www.airco2.earth\/blog\/wp-content\/uploads\/2024\/08\/Recorda-Fest.jpg\",\"datePublished\":\"2024-08-05T16:01:18+00:00\",\"dateModified\":\"2024-11-11T09:49:03+00:00\",\"description\":\"RecordaFest ha mantenido una fuerte inclinaci\u00f3n hacia la sostenibilidad , como sucede en eventos de gran envergadura.\",\"breadcrumb\":{\"@id\":\"https:\/\/www.airco2.earth\/blog\/2024\/08\/05\/caso-de-uso-recordafest\/#breadcrumb\"},\"inLanguage\":\"es\",\"potentialAction\":[{\"@type\":\"ReadAction\",\"target\":[\"https:\/\/www.airco2.earth\/blog\/2024\/08\/05\/caso-de-uso-recordafest\/\"]}]},{\"@type\":\"ImageObject\",\"inLanguage\":\"es\",\"@id\":\"https:\/\/www.airco2.earth\/blog\/2024\/08\/05\/caso-de-uso-recordafest\/#primaryimage\",\"url\":\"https:\/\/www.airco2.earth\/blog\/wp-content\/uploads\/2024\/08\/Recorda-Fest.jpg\",\"contentUrl\":\"https:\/\/www.airco2.earth\/blog\/wp-content\/uploads\/2024\/08\/Recorda-Fest.jpg\",\"width\":1105,\"height\":434},{\"@type\":\"BreadcrumbList\",\"@id\":\"https:\/\/www.airco2.earth\/blog\/2024\/08\/05\/caso-de-uso-recordafest\/#breadcrumb\",\"itemListElement\":[{\"@type\":\"ListItem\",\"position\":1,\"name\":\"Portada\",\"item\":\"https:\/\/www.airco2.earth\/blog\/\"},{\"@type\":\"ListItem\",\"position\":2,\"name\":\"RecordaFest\"}]},{\"@type\":\"WebSite\",\"@id\":\"https:\/\/www.airco2.earth\/blog\/#website\",\"url\":\"https:\/\/www.airco2.earth\/blog\/\",\"name\":\"Airco2\",\"description\":\"Noticias y consejos sobre Huella de Carbono\",\"publisher\":{\"@id\":\"https:\/\/www.airco2.earth\/blog\/#organization\"},\"potentialAction\":[{\"@type\":\"SearchAction\",\"target\":{\"@type\":\"EntryPoint\",\"urlTemplate\":\"https:\/\/www.airco2.earth\/blog\/?s={search_term_string}\"},\"query-input\":{\"@type\":\"PropertyValueSpecification\",\"valueRequired\":true,\"valueName\":\"search_term_string\"}}],\"inLanguage\":\"es\"},{\"@type\":\"Organization\",\"@id\":\"https:\/\/www.airco2.earth\/blog\/#organization\",\"name\":\"Airco2\",\"url\":\"https:\/\/www.airco2.earth\/blog\/\",\"logo\":{\"@type\":\"ImageObject\",\"inLanguage\":\"es\",\"@id\":\"https:\/\/www.airco2.earth\/blog\/#\/schema\/logo\/image\/\",\"url\":\"\",\"contentUrl\":\"\",\"caption\":\"Airco2\"},\"image\":{\"@id\":\"https:\/\/www.airco2.earth\/blog\/#\/schema\/logo\/image\/\"},\"sameAs\":[\"https:\/\/www.instagram.com\/airco2_fintech\/?hl=es\",\"https:\/\/www.linkedin.com\/products\/airco2-carbon-manager\/?trk=organization_guest_main_product_card\"]},{\"@type\":\"Person\",\"@id\":\"https:\/\/www.airco2.earth\/blog\/#\/schema\/person\/ef063bb18a0e906fa67453ed27890422\",\"name\":\"airco2\",\"image\":{\"@type\":\"ImageObject\",\"inLanguage\":\"es\",\"@id\":\"https:\/\/www.airco2.earth\/blog\/#\/schema\/person\/image\/\",\"url\":\"https:\/\/secure.gravatar.com\/avatar\/6cc7b3398f8c011883a3f1a23d269c17?s=96&d=mm&r=g\",\"contentUrl\":\"https:\/\/secure.gravatar.com\/avatar\/6cc7b3398f8c011883a3f1a23d269c17?s=96&d=mm&r=g\",\"caption\":\"airco2\"},\"sameAs\":[\"https:\/\/www.airco2.earth\/blog\"],\"url\":\"https:\/\/www.airco2.earth\/blog\/author\/airco2\/\"}]}<\/script>\n<!-- \/ Yoast SEO plugin. -->","yoast_head_json":{"title":"RecordaFest, una fuerte inclinaci\u00f3n hacia la sostenibilidad.","description":"RecordaFest ha mantenido una fuerte inclinaci\u00f3n hacia la sostenibilidad , como sucede en eventos de gran envergadura.","robots":{"index":"index","follow":"follow","max-snippet":"max-snippet:-1","max-image-preview":"max-image-preview:large","max-video-preview":"max-video-preview:-1"},"canonical":"https:\/\/www.airco2.earth\/blog\/2024\/08\/05\/caso-de-uso-recordafest\/","og_locale":"es_ES","og_type":"article","og_title":"RecordaFest, una fuerte inclinaci\u00f3n hacia la sostenibilidad.","og_description":"RecordaFest ha mantenido una fuerte inclinaci\u00f3n hacia la sostenibilidad , como sucede en eventos de gran envergadura.","og_url":"https:\/\/www.airco2.earth\/blog\/2024\/08\/05\/caso-de-uso-recordafest\/","og_site_name":"Blog airCO2","article_published_time":"2024-08-05T16:01:18+00:00","article_modified_time":"2024-11-11T09:49:03+00:00","og_image":[{"width":1105,"height":434,"url":"https:\/\/www.airco2.earth\/blog\/wp-content\/uploads\/2024\/08\/Recorda-Fest.jpg","type":"image\/jpeg"}],"author":"airco2","twitter_card":"summary_large_image","twitter_misc":{"Escrito por":"airco2","Tiempo de lectura":"3 minutos"},"schema":{"@context":"https:\/\/schema.org","@graph":[{"@type":"Article","@id":"https:\/\/www.airco2.earth\/blog\/2024\/08\/05\/caso-de-uso-recordafest\/#article","isPartOf":{"@id":"https:\/\/www.airco2.earth\/blog\/2024\/08\/05\/caso-de-uso-recordafest\/"},"author":{"name":"airco2","@id":"https:\/\/www.airco2.earth\/blog\/#\/schema\/person\/ef063bb18a0e906fa67453ed27890422"},"headline":"RecordaFest","datePublished":"2024-08-05T16:01:18+00:00","dateModified":"2024-11-11T09:49:03+00:00","mainEntityOfPage":{"@id":"https:\/\/www.airco2.earth\/blog\/2024\/08\/05\/caso-de-uso-recordafest\/"},"wordCount":578,"commentCount":0,"publisher":{"@id":"https:\/\/www.airco2.earth\/blog\/#organization"},"image":{"@id":"https:\/\/www.airco2.earth\/blog\/2024\/08\/05\/caso-de-uso-recordafest\/#primaryimage"},"thumbnailUrl":"https:\/\/www.airco2.earth\/blog\/wp-content\/uploads\/2024\/08\/Recorda-Fest.jpg","articleSection":["Experiencia"],"inLanguage":"es","potentialAction":[{"@type":"CommentAction","name":"Comment","target":["https:\/\/www.airco2.earth\/blog\/2024\/08\/05\/caso-de-uso-recordafest\/#respond"]}]},{"@type":"WebPage","@id":"https:\/\/www.airco2.earth\/blog\/2024\/08\/05\/caso-de-uso-recordafest\/","url":"https:\/\/www.airco2.earth\/blog\/2024\/08\/05\/caso-de-uso-recordafest\/","name":"RecordaFest, una fuerte inclinaci\u00f3n hacia la sostenibilidad.","isPartOf":{"@id":"https:\/\/www.airco2.earth\/blog\/#website"},"primaryImageOfPage":{"@id":"https:\/\/www.airco2.earth\/blog\/2024\/08\/05\/caso-de-uso-recordafest\/#primaryimage"},"image":{"@id":"https:\/\/www.airco2.earth\/blog\/2024\/08\/05\/caso-de-uso-recordafest\/#primaryimage"},"thumbnailUrl":"https:\/\/www.airco2.earth\/blog\/wp-content\/uploads\/2024\/08\/Recorda-Fest.jpg","datePublished":"2024-08-05T16:01:18+00:00","dateModified":"2024-11-11T09:49:03+00:00","description":"RecordaFest ha mantenido una fuerte inclinaci\u00f3n hacia la sostenibilidad , como sucede en eventos de gran envergadura.","breadcrumb":{"@id":"https:\/\/www.airco2.earth\/blog\/2024\/08\/05\/caso-de-uso-recordafest\/#breadcrumb"},"inLanguage":"es","potentialAction":[{"@type":"ReadAction","target":["https:\/\/www.airco2.earth\/blog\/2024\/08\/05\/caso-de-uso-recordafest\/"]}]},{"@type":"ImageObject","inLanguage":"es","@id":"https:\/\/www.airco2.earth\/blog\/2024\/08\/05\/caso-de-uso-recordafest\/#primaryimage","url":"https:\/\/www.airco2.earth\/blog\/wp-content\/uploads\/2024\/08\/Recorda-Fest.jpg","contentUrl":"https:\/\/www.airco2.earth\/blog\/wp-content\/uploads\/2024\/08\/Recorda-Fest.jpg","width":1105,"height":434},{"@type":"BreadcrumbList","@id":"https:\/\/www.airco2.earth\/blog\/2024\/08\/05\/caso-de-uso-recordafest\/#breadcrumb","itemListElement":[{"@type":"ListItem","position":1,"name":"Portada","item":"https:\/\/www.airco2.earth\/blog\/"},{"@type":"ListItem","position":2,"name":"RecordaFest"}]},{"@type":"WebSite","@id":"https:\/\/www.airco2.earth\/blog\/#website","url":"https:\/\/www.airco2.earth\/blog\/","name":"Airco2","description":"Noticias y consejos sobre Huella de Carbono","publisher":{"@id":"https:\/\/www.airco2.earth\/blog\/#organization"},"potentialAction":[{"@type":"SearchAction","target":{"@type":"EntryPoint","urlTemplate":"https:\/\/www.airco2.earth\/blog\/?s={search_term_string}"},"query-input":{"@type":"PropertyValueSpecification","valueRequired":true,"valueName":"search_term_string"}}],"inLanguage":"es"},{"@type":"Organization","@id":"https:\/\/www.airco2.earth\/blog\/#organization","name":"Airco2","url":"https:\/\/www.airco2.earth\/blog\/","logo":{"@type":"ImageObject","inLanguage":"es","@id":"https:\/\/www.airco2.earth\/blog\/#\/schema\/logo\/image\/","url":"","contentUrl":"","caption":"Airco2"},"image":{"@id":"https:\/\/www.airco2.earth\/blog\/#\/schema\/logo\/image\/"},"sameAs":["https:\/\/www.instagram.com\/airco2_fintech\/?hl=es","https:\/\/www.linkedin.com\/products\/airco2-carbon-manager\/?trk=organization_guest_main_product_card"]},{"@type":"Person","@id":"https:\/\/www.airco2.earth\/blog\/#\/schema\/person\/ef063bb18a0e906fa67453ed27890422","name":"airco2","image":{"@type":"ImageObject","inLanguage":"es","@id":"https:\/\/www.airco2.earth\/blog\/#\/schema\/person\/image\/","url":"https:\/\/secure.gravatar.com\/avatar\/6cc7b3398f8c011883a3f1a23d269c17?s=96&d=mm&r=g","contentUrl":"https:\/\/secure.gravatar.com\/avatar\/6cc7b3398f8c011883a3f1a23d269c17?s=96&d=mm&r=g","caption":"airco2"},"sameAs":["https:\/\/www.airco2.earth\/blog"],"url":"https:\/\/www.airco2.earth\/blog\/author\/airco2\/"}]}},"_links":{"self":[{"href":"https:\/\/www.airco2.earth\/blog\/wp-json\/wp\/v2\/posts\/296"}],"collection":[{"href":"https:\/\/www.airco2.earth\/blog\/wp-json\/wp\/v2\/posts"}],"about":[{"href":"https:\/\/www.airco2.earth\/blog\/wp-json\/wp\/v2\/types\/post"}],"author":[{"embeddable":true,"href":"https:\/\/www.airco2.earth\/blog\/wp-json\/wp\/v2\/users\/1"}],"replies":[{"embeddable":true,"href":"https:\/\/www.airco2.earth\/blog\/wp-json\/wp\/v2\/comments?post=296"}],"version-history":[{"count":4,"href":"https:\/\/www.airco2.earth\/blog\/wp-json\/wp\/v2\/posts\/296\/revisions"}],"predecessor-version":[{"id":935,"href":"https:\/\/www.airco2.earth\/blog\/wp-json\/wp\/v2\/posts\/296\/revisions\/935"}],"wp:featuredmedia":[{"embeddable":true,"href":"https:\/\/www.airco2.earth\/blog\/wp-json\/wp\/v2\/media\/297"}],"wp:attachment":[{"href":"https:\/\/www.airco2.earth\/blog\/wp-json\/wp\/v2\/media?parent=296"}],"wp:term":[{"taxonomy":"category","embeddable":true,"href":"https:\/\/www.airco2.earth\/blog\/wp-json\/wp\/v2\/categories?post=296"},{"taxonomy":"post_tag","embeddable":true,"href":"https:\/\/www.airco2.earth\/blog\/wp-json\/wp\/v2\/tags?post=296"}],"curies":[{"name":"wp","href":"https:\/\/api.w.org\/{rel}","templated":true}]}}