{"id":369,"date":"2024-08-06T08:53:25","date_gmt":"2024-08-06T06:53:25","guid":{"rendered":"https:\/\/web.dev.airco2.eu\/blog\/?p=369"},"modified":"2024-11-11T15:35:05","modified_gmt":"2024-11-11T14:35:05","slug":"la-compensacion-es-el-motor-de-mi-profesion","status":"publish","type":"post","link":"https:\/\/www.airco2.earth\/blog\/2024\/08\/06\/la-compensacion-es-el-motor-de-mi-profesion\/","title":{"rendered":"La compensaci\u00f3n es el motor de mi profesi\u00f3n"},"content":{"rendered":"\n<p><a href=\"https:\/\/www.linkedin.com\/in\/andresfraga\/\">Andr\u00e9s Fraga<\/a>, fot\u00f3grafo especializado en arquitectura e interiorismo y profesor asociado en la Universidad de Vigo, vive en la ciudad de Pontevedra pero, sus fotograf\u00edas lo han llevado por todo el mundo. Por este motivo, ha decidido que ha llegado el momento de empezar a contabilizar y compensar su huella de carbono para aportar su granito de arena en la sostenibilidad. En esta entrevista nos cuenta  porque la compensaci\u00f3n es el motor de su profesi\u00f3n.<\/p>\n\n\n\n<h3 class=\"wp-block-heading\"><strong>\u00bfQu\u00e9 estudiaste y a que te dedicas?<\/strong><\/h3>\n\n\n\n<p>Yo estudi\u00e9 fotograf\u00eda y, al acabar la carrera, tuve mi primera oportunidad de hacer unas fotos. En ese momento me dijeron que ten\u00eda que emitir una factura, as\u00ed que me fui a hacienda y me di de alta como aut\u00f3nomo. Ten\u00eda 21 a\u00f1os y hasta ahora. En estos 20 a\u00f1os de trayectoria profesional hice muchas cosas diferentes. Empec\u00e9 trabajando para revistas finlandesas, luego pas\u00e9 a la prensa diaria colaborando con El Pa\u00eds y luego otros a\u00f1os de trabaj\u00f3 m\u00e1s comercial. Ahora mi trabajo est\u00e1 m\u00e1s focalizando en el mundo de la arquitectura y el dise\u00f1o, trabajando para arquitectos, dise\u00f1adores y fabricantes. A\u00fan que llev\u00f3 trasteando con el video desde que estudiaba, en los \u00faltimos a\u00f1os comenz\u00f3 a ser una parte importante de mi trabajo, por ello es una parte muy importante tanto es as\u00ed que podr\u00eda decirse que la compensaci\u00f3n es el motor de mi profesi\u00f3n.<\/p>\n\n\n\n<h3 class=\"wp-block-heading\"><strong>\u00bfPor qu\u00e9 escogiste la plataforma de Airco2 para avanzar hacia la neutralidad?<\/strong><\/h3>\n\n\n\n<p>Por cosas de la vida, la mayor parte de mi trabajo est\u00e1 fuera de Galicia. Eso, junto con las deficientes ofertas de transporte por tren, hace que dependa mucho del avi\u00f3n. El a\u00f1o pasado contabilic\u00e9 mis desplazamientos en avi\u00f3n y calcul\u00e9 que hab\u00eda consumido casi 5 toneladas de CO2. Buscando opciones para compensar mi huella de carbono, encontr\u00e9 <a href=\"https:\/\/www.airco2.earth\/\">Airco2.<\/a> Me gust\u00f3 la transparencia que ofrec\u00eda sobre hacia donde van tus aportaciones y la posibilidad de escoger donde y que tipo de bosque quieres apoyar. En una zona tan castigada por los incendios forestales como Galicia son muy importantes iniciativas que fomenten la rentabilidad de un bosque vivo y activo.<\/p>\n\n\n\n<h3 class=\"wp-block-heading\"><strong>\u00bfC\u00f3mo dir\u00edas que tu empresa se relaciona con la sostenibilidad?, \u00bfQu\u00e9 medidas tomas?<\/strong><\/h3>\n\n\n\n<p>La sostenibilidad es un concepto que aprend\u00ed en mi casa. Mis padres son bi\u00f3logos marinos y he crecido en un entorno que el respeto al medio ambiente estaba presente en todos los aspectos vitales. Esta actitud va ligada a mi vida personal y profesional. Mi principal huella en el medio ambiente son los desplazamientos ahora mismo. Busca siempre los vuelos con menos emisiones e intento sustituir cualquiera desplazamientos en avi\u00f3n por tren si la alternativa y viable en tiempo. Por desgracia, la oferta de trenes en Espa\u00f1a es muy deficiente. Tambi\u00e9n intento reducir la cantidad de desperdicio tecnol\u00f3gico. Estiro mucho los equipos fotogr\u00e1ficos, reparo y busco usos alternativos, los vendo o los regalo que ya no puedo usar. Compro equipos inform\u00e1ticos que me permiten y que tengan una buena&nbsp;<em>reparabilidad&nbsp;<\/em>alargando as\u00ed su vida \u00fatil.<\/p>\n\n\n\n<h4 class=\"wp-block-heading\">\u00bfPor qu\u00e9 recomendar\u00edas a otras empresas mida su huella de carbono y neutralizarla?<\/h4>\n\n\n\n<p>Lo primero de todo, porque el simple hecho de calcular la huella te hace plenamente consciente de tu actividad, gracias a eso podemos llevar a cabo acciones que reduzcan el impacto. Por otra parte, con la compensaci\u00f3n no solo se trata de capturar el carbono que produjiste, si no se apoya en una estructura econ\u00f3mica en la que capturar carbono es rentable. Y esto es mucho m\u00e1s importante a largo plazo.<\/p>\n\n\n\n<figure class=\"wp-block-gallery has-nested-images columns-default is-cropped wp-block-gallery-1 is-layout-flex wp-block-gallery-is-layout-flex\">\n<figure class=\"wp-block-image size-large\"><img loading=\"lazy\" decoding=\"async\" width=\"351\" height=\"392\" data-id=\"371\" src=\"https:\/\/www.airco2.earth\/blog\/wp-content\/uploads\/2024\/08\/20200618-AFP09904-Pano_Web-1375x1536-1.webp\" alt=\"\" class=\"wp-image-371\" srcset=\"https:\/\/www.airco2.earth\/blog\/wp-content\/uploads\/2024\/08\/20200618-AFP09904-Pano_Web-1375x1536-1.webp 351w, https:\/\/www.airco2.earth\/blog\/wp-content\/uploads\/2024\/08\/20200618-AFP09904-Pano_Web-1375x1536-1-269x300.webp 269w\" sizes=\"(max-width: 351px) 100vw, 351px\" \/><\/figure>\n\n\n\n<figure class=\"wp-block-image size-large\"><img loading=\"lazy\" decoding=\"async\" width=\"339\" height=\"423\" data-id=\"370\" src=\"https:\/\/www.airco2.earth\/blog\/wp-content\/uploads\/2024\/08\/220630_AFP00158_TRA.webp\" alt=\"\" class=\"wp-image-370\" srcset=\"https:\/\/www.airco2.earth\/blog\/wp-content\/uploads\/2024\/08\/220630_AFP00158_TRA.webp 339w, https:\/\/www.airco2.earth\/blog\/wp-content\/uploads\/2024\/08\/220630_AFP00158_TRA-240x300.webp 240w\" sizes=\"(max-width: 339px) 100vw, 339px\" \/><\/figure>\n<\/figure>\n\n\n\n<p><\/p>\n","protected":false},"excerpt":{"rendered":"<p>Andr\u00e9s Fraga, fot\u00f3grafo especializado en arquitectura e interiorismo y profesor asociado en la Universidad de Vigo, vive en la ciudad de Pontevedra pero, sus fotograf\u00edas lo han llevado por todo el mundo. Por este motivo, ha decidido que ha llegado el momento de empezar a contabilizar y compensar su huella de carbono para aportar su [&hellip;]<\/p>\n","protected":false},"author":1,"featured_media":371,"comment_status":"open","ping_status":"open","sticky":false,"template":"","format":"standard","meta":{"_yoast_wpseo_title":"La compensaci\u00f3n es el motor de mi profesi\u00f3n","_yoast_wpseo_metadesc":"La compensaci\u00f3n es el motor de mi profesi\u00f3n ,impulsa mi trayectoria profesional, d\u00e1ndole sentido y direcci\u00f3n a mi trabajo","footnotes":""},"categories":[7,8,6],"tags":[],"class_list":["post-369","post","type-post","status-publish","format-standard","has-post-thumbnail","hentry","category-casos-de-uso","category-producto","category-reduccion"],"yoast_head":"<!-- This site is optimized with the Yoast SEO plugin v25.6 - https:\/\/yoast.com\/wordpress\/plugins\/seo\/ -->\n<title>La compensaci\u00f3n es el motor de mi profesi\u00f3n<\/title>\n<meta name=\"description\" content=\"La compensaci\u00f3n es el motor de mi profesi\u00f3n ,impulsa mi trayectoria profesional, d\u00e1ndole sentido y direcci\u00f3n a mi trabajo\" \/>\n<meta name=\"robots\" content=\"index, follow, max-snippet:-1, max-image-preview:large, max-video-preview:-1\" \/>\n<link rel=\"canonical\" href=\"https:\/\/www.airco2.earth\/blog\/2024\/08\/06\/la-compensacion-es-el-motor-de-mi-profesion\/\" \/>\n<meta property=\"og:locale\" content=\"es_ES\" \/>\n<meta property=\"og:type\" content=\"article\" \/>\n<meta property=\"og:title\" content=\"La compensaci\u00f3n es el motor de mi profesi\u00f3n\" \/>\n<meta property=\"og:description\" content=\"La compensaci\u00f3n es el motor de mi profesi\u00f3n ,impulsa mi trayectoria profesional, d\u00e1ndole sentido y direcci\u00f3n a mi trabajo\" \/>\n<meta property=\"og:url\" content=\"https:\/\/www.airco2.earth\/blog\/2024\/08\/06\/la-compensacion-es-el-motor-de-mi-profesion\/\" \/>\n<meta property=\"og:site_name\" content=\"Blog airCO2\" \/>\n<meta property=\"article:published_time\" content=\"2024-08-06T06:53:25+00:00\" \/>\n<meta property=\"article:modified_time\" content=\"2024-11-11T14:35:05+00:00\" \/>\n<meta property=\"og:image\" content=\"https:\/\/www.airco2.earth\/blog\/wp-content\/uploads\/2024\/08\/20200618-AFP09904-Pano_Web-1375x1536-1.webp\" \/>\n\t<meta property=\"og:image:width\" content=\"351\" \/>\n\t<meta property=\"og:image:height\" content=\"392\" \/>\n\t<meta property=\"og:image:type\" content=\"image\/webp\" \/>\n<meta name=\"author\" content=\"airco2\" \/>\n<meta name=\"twitter:card\" content=\"summary_large_image\" \/>\n<meta name=\"twitter:label1\" content=\"Escrito por\" \/>\n\t<meta name=\"twitter:data1\" content=\"airco2\" \/>\n\t<meta name=\"twitter:label2\" content=\"Tiempo de lectura\" \/>\n\t<meta name=\"twitter:data2\" content=\"4 minutos\" \/>\n<script type=\"application\/ld+json\" class=\"yoast-schema-graph\">{\"@context\":\"https:\/\/schema.org\",\"@graph\":[{\"@type\":\"Article\",\"@id\":\"https:\/\/www.airco2.earth\/blog\/2024\/08\/06\/la-compensacion-es-el-motor-de-mi-profesion\/#article\",\"isPartOf\":{\"@id\":\"https:\/\/www.airco2.earth\/blog\/2024\/08\/06\/la-compensacion-es-el-motor-de-mi-profesion\/\"},\"author\":{\"name\":\"airco2\",\"@id\":\"https:\/\/www.airco2.earth\/blog\/#\/schema\/person\/ef063bb18a0e906fa67453ed27890422\"},\"headline\":\"La compensaci\u00f3n es el motor de mi profesi\u00f3n\",\"datePublished\":\"2024-08-06T06:53:25+00:00\",\"dateModified\":\"2024-11-11T14:35:05+00:00\",\"mainEntityOfPage\":{\"@id\":\"https:\/\/www.airco2.earth\/blog\/2024\/08\/06\/la-compensacion-es-el-motor-de-mi-profesion\/\"},\"wordCount\":630,\"commentCount\":0,\"publisher\":{\"@id\":\"https:\/\/www.airco2.earth\/blog\/#organization\"},\"image\":{\"@id\":\"https:\/\/www.airco2.earth\/blog\/2024\/08\/06\/la-compensacion-es-el-motor-de-mi-profesion\/#primaryimage\"},\"thumbnailUrl\":\"https:\/\/www.airco2.earth\/blog\/wp-content\/uploads\/2024\/08\/20200618-AFP09904-Pano_Web-1375x1536-1.webp\",\"articleSection\":[\"Casos de uso\",\"Producto\",\"Reducci\u00f3n\"],\"inLanguage\":\"es\",\"potentialAction\":[{\"@type\":\"CommentAction\",\"name\":\"Comment\",\"target\":[\"https:\/\/www.airco2.earth\/blog\/2024\/08\/06\/la-compensacion-es-el-motor-de-mi-profesion\/#respond\"]}]},{\"@type\":\"WebPage\",\"@id\":\"https:\/\/www.airco2.earth\/blog\/2024\/08\/06\/la-compensacion-es-el-motor-de-mi-profesion\/\",\"url\":\"https:\/\/www.airco2.earth\/blog\/2024\/08\/06\/la-compensacion-es-el-motor-de-mi-profesion\/\",\"name\":\"La compensaci\u00f3n es el motor de mi profesi\u00f3n\",\"isPartOf\":{\"@id\":\"https:\/\/www.airco2.earth\/blog\/#website\"},\"primaryImageOfPage\":{\"@id\":\"https:\/\/www.airco2.earth\/blog\/2024\/08\/06\/la-compensacion-es-el-motor-de-mi-profesion\/#primaryimage\"},\"image\":{\"@id\":\"https:\/\/www.airco2.earth\/blog\/2024\/08\/06\/la-compensacion-es-el-motor-de-mi-profesion\/#primaryimage\"},\"thumbnailUrl\":\"https:\/\/www.airco2.earth\/blog\/wp-content\/uploads\/2024\/08\/20200618-AFP09904-Pano_Web-1375x1536-1.webp\",\"datePublished\":\"2024-08-06T06:53:25+00:00\",\"dateModified\":\"2024-11-11T14:35:05+00:00\",\"description\":\"La compensaci\u00f3n es el motor de mi profesi\u00f3n ,impulsa mi trayectoria profesional, d\u00e1ndole sentido y direcci\u00f3n a mi trabajo\",\"breadcrumb\":{\"@id\":\"https:\/\/www.airco2.earth\/blog\/2024\/08\/06\/la-compensacion-es-el-motor-de-mi-profesion\/#breadcrumb\"},\"inLanguage\":\"es\",\"potentialAction\":[{\"@type\":\"ReadAction\",\"target\":[\"https:\/\/www.airco2.earth\/blog\/2024\/08\/06\/la-compensacion-es-el-motor-de-mi-profesion\/\"]}]},{\"@type\":\"ImageObject\",\"inLanguage\":\"es\",\"@id\":\"https:\/\/www.airco2.earth\/blog\/2024\/08\/06\/la-compensacion-es-el-motor-de-mi-profesion\/#primaryimage\",\"url\":\"https:\/\/www.airco2.earth\/blog\/wp-content\/uploads\/2024\/08\/20200618-AFP09904-Pano_Web-1375x1536-1.webp\",\"contentUrl\":\"https:\/\/www.airco2.earth\/blog\/wp-content\/uploads\/2024\/08\/20200618-AFP09904-Pano_Web-1375x1536-1.webp\",\"width\":351,\"height\":392},{\"@type\":\"BreadcrumbList\",\"@id\":\"https:\/\/www.airco2.earth\/blog\/2024\/08\/06\/la-compensacion-es-el-motor-de-mi-profesion\/#breadcrumb\",\"itemListElement\":[{\"@type\":\"ListItem\",\"position\":1,\"name\":\"Portada\",\"item\":\"https:\/\/www.airco2.earth\/blog\/\"},{\"@type\":\"ListItem\",\"position\":2,\"name\":\"La compensaci\u00f3n es el motor de mi profesi\u00f3n\"}]},{\"@type\":\"WebSite\",\"@id\":\"https:\/\/www.airco2.earth\/blog\/#website\",\"url\":\"https:\/\/www.airco2.earth\/blog\/\",\"name\":\"Airco2\",\"description\":\"Noticias y consejos sobre Huella de Carbono\",\"publisher\":{\"@id\":\"https:\/\/www.airco2.earth\/blog\/#organization\"},\"potentialAction\":[{\"@type\":\"SearchAction\",\"target\":{\"@type\":\"EntryPoint\",\"urlTemplate\":\"https:\/\/www.airco2.earth\/blog\/?s={search_term_string}\"},\"query-input\":{\"@type\":\"PropertyValueSpecification\",\"valueRequired\":true,\"valueName\":\"search_term_string\"}}],\"inLanguage\":\"es\"},{\"@type\":\"Organization\",\"@id\":\"https:\/\/www.airco2.earth\/blog\/#organization\",\"name\":\"Airco2\",\"url\":\"https:\/\/www.airco2.earth\/blog\/\",\"logo\":{\"@type\":\"ImageObject\",\"inLanguage\":\"es\",\"@id\":\"https:\/\/www.airco2.earth\/blog\/#\/schema\/logo\/image\/\",\"url\":\"\",\"contentUrl\":\"\",\"caption\":\"Airco2\"},\"image\":{\"@id\":\"https:\/\/www.airco2.earth\/blog\/#\/schema\/logo\/image\/\"},\"sameAs\":[\"https:\/\/www.instagram.com\/airco2_fintech\/?hl=es\",\"https:\/\/www.linkedin.com\/products\/airco2-carbon-manager\/?trk=organization_guest_main_product_card\"]},{\"@type\":\"Person\",\"@id\":\"https:\/\/www.airco2.earth\/blog\/#\/schema\/person\/ef063bb18a0e906fa67453ed27890422\",\"name\":\"airco2\",\"image\":{\"@type\":\"ImageObject\",\"inLanguage\":\"es\",\"@id\":\"https:\/\/www.airco2.earth\/blog\/#\/schema\/person\/image\/\",\"url\":\"https:\/\/secure.gravatar.com\/avatar\/6cc7b3398f8c011883a3f1a23d269c17?s=96&d=mm&r=g\",\"contentUrl\":\"https:\/\/secure.gravatar.com\/avatar\/6cc7b3398f8c011883a3f1a23d269c17?s=96&d=mm&r=g\",\"caption\":\"airco2\"},\"sameAs\":[\"https:\/\/www.airco2.earth\/blog\"],\"url\":\"https:\/\/www.airco2.earth\/blog\/author\/airco2\/\"}]}<\/script>\n<!-- \/ Yoast SEO plugin. -->","yoast_head_json":{"title":"La compensaci\u00f3n es el motor de mi profesi\u00f3n","description":"La compensaci\u00f3n es el motor de mi profesi\u00f3n ,impulsa mi trayectoria profesional, d\u00e1ndole sentido y direcci\u00f3n a mi trabajo","robots":{"index":"index","follow":"follow","max-snippet":"max-snippet:-1","max-image-preview":"max-image-preview:large","max-video-preview":"max-video-preview:-1"},"canonical":"https:\/\/www.airco2.earth\/blog\/2024\/08\/06\/la-compensacion-es-el-motor-de-mi-profesion\/","og_locale":"es_ES","og_type":"article","og_title":"La compensaci\u00f3n es el motor de mi profesi\u00f3n","og_description":"La compensaci\u00f3n es el motor de mi profesi\u00f3n ,impulsa mi trayectoria profesional, d\u00e1ndole sentido y direcci\u00f3n a mi trabajo","og_url":"https:\/\/www.airco2.earth\/blog\/2024\/08\/06\/la-compensacion-es-el-motor-de-mi-profesion\/","og_site_name":"Blog airCO2","article_published_time":"2024-08-06T06:53:25+00:00","article_modified_time":"2024-11-11T14:35:05+00:00","og_image":[{"width":351,"height":392,"url":"https:\/\/www.airco2.earth\/blog\/wp-content\/uploads\/2024\/08\/20200618-AFP09904-Pano_Web-1375x1536-1.webp","type":"image\/webp"}],"author":"airco2","twitter_card":"summary_large_image","twitter_misc":{"Escrito por":"airco2","Tiempo de lectura":"4 minutos"},"schema":{"@context":"https:\/\/schema.org","@graph":[{"@type":"Article","@id":"https:\/\/www.airco2.earth\/blog\/2024\/08\/06\/la-compensacion-es-el-motor-de-mi-profesion\/#article","isPartOf":{"@id":"https:\/\/www.airco2.earth\/blog\/2024\/08\/06\/la-compensacion-es-el-motor-de-mi-profesion\/"},"author":{"name":"airco2","@id":"https:\/\/www.airco2.earth\/blog\/#\/schema\/person\/ef063bb18a0e906fa67453ed27890422"},"headline":"La compensaci\u00f3n es el motor de mi profesi\u00f3n","datePublished":"2024-08-06T06:53:25+00:00","dateModified":"2024-11-11T14:35:05+00:00","mainEntityOfPage":{"@id":"https:\/\/www.airco2.earth\/blog\/2024\/08\/06\/la-compensacion-es-el-motor-de-mi-profesion\/"},"wordCount":630,"commentCount":0,"publisher":{"@id":"https:\/\/www.airco2.earth\/blog\/#organization"},"image":{"@id":"https:\/\/www.airco2.earth\/blog\/2024\/08\/06\/la-compensacion-es-el-motor-de-mi-profesion\/#primaryimage"},"thumbnailUrl":"https:\/\/www.airco2.earth\/blog\/wp-content\/uploads\/2024\/08\/20200618-AFP09904-Pano_Web-1375x1536-1.webp","articleSection":["Casos de uso","Producto","Reducci\u00f3n"],"inLanguage":"es","potentialAction":[{"@type":"CommentAction","name":"Comment","target":["https:\/\/www.airco2.earth\/blog\/2024\/08\/06\/la-compensacion-es-el-motor-de-mi-profesion\/#respond"]}]},{"@type":"WebPage","@id":"https:\/\/www.airco2.earth\/blog\/2024\/08\/06\/la-compensacion-es-el-motor-de-mi-profesion\/","url":"https:\/\/www.airco2.earth\/blog\/2024\/08\/06\/la-compensacion-es-el-motor-de-mi-profesion\/","name":"La compensaci\u00f3n es el motor de mi profesi\u00f3n","isPartOf":{"@id":"https:\/\/www.airco2.earth\/blog\/#website"},"primaryImageOfPage":{"@id":"https:\/\/www.airco2.earth\/blog\/2024\/08\/06\/la-compensacion-es-el-motor-de-mi-profesion\/#primaryimage"},"image":{"@id":"https:\/\/www.airco2.earth\/blog\/2024\/08\/06\/la-compensacion-es-el-motor-de-mi-profesion\/#primaryimage"},"thumbnailUrl":"https:\/\/www.airco2.earth\/blog\/wp-content\/uploads\/2024\/08\/20200618-AFP09904-Pano_Web-1375x1536-1.webp","datePublished":"2024-08-06T06:53:25+00:00","dateModified":"2024-11-11T14:35:05+00:00","description":"La compensaci\u00f3n es el motor de mi profesi\u00f3n ,impulsa mi trayectoria profesional, d\u00e1ndole sentido y direcci\u00f3n a mi trabajo","breadcrumb":{"@id":"https:\/\/www.airco2.earth\/blog\/2024\/08\/06\/la-compensacion-es-el-motor-de-mi-profesion\/#breadcrumb"},"inLanguage":"es","potentialAction":[{"@type":"ReadAction","target":["https:\/\/www.airco2.earth\/blog\/2024\/08\/06\/la-compensacion-es-el-motor-de-mi-profesion\/"]}]},{"@type":"ImageObject","inLanguage":"es","@id":"https:\/\/www.airco2.earth\/blog\/2024\/08\/06\/la-compensacion-es-el-motor-de-mi-profesion\/#primaryimage","url":"https:\/\/www.airco2.earth\/blog\/wp-content\/uploads\/2024\/08\/20200618-AFP09904-Pano_Web-1375x1536-1.webp","contentUrl":"https:\/\/www.airco2.earth\/blog\/wp-content\/uploads\/2024\/08\/20200618-AFP09904-Pano_Web-1375x1536-1.webp","width":351,"height":392},{"@type":"BreadcrumbList","@id":"https:\/\/www.airco2.earth\/blog\/2024\/08\/06\/la-compensacion-es-el-motor-de-mi-profesion\/#breadcrumb","itemListElement":[{"@type":"ListItem","position":1,"name":"Portada","item":"https:\/\/www.airco2.earth\/blog\/"},{"@type":"ListItem","position":2,"name":"La compensaci\u00f3n es el motor de mi profesi\u00f3n"}]},{"@type":"WebSite","@id":"https:\/\/www.airco2.earth\/blog\/#website","url":"https:\/\/www.airco2.earth\/blog\/","name":"Airco2","description":"Noticias y consejos sobre Huella de Carbono","publisher":{"@id":"https:\/\/www.airco2.earth\/blog\/#organization"},"potentialAction":[{"@type":"SearchAction","target":{"@type":"EntryPoint","urlTemplate":"https:\/\/www.airco2.earth\/blog\/?s={search_term_string}"},"query-input":{"@type":"PropertyValueSpecification","valueRequired":true,"valueName":"search_term_string"}}],"inLanguage":"es"},{"@type":"Organization","@id":"https:\/\/www.airco2.earth\/blog\/#organization","name":"Airco2","url":"https:\/\/www.airco2.earth\/blog\/","logo":{"@type":"ImageObject","inLanguage":"es","@id":"https:\/\/www.airco2.earth\/blog\/#\/schema\/logo\/image\/","url":"","contentUrl":"","caption":"Airco2"},"image":{"@id":"https:\/\/www.airco2.earth\/blog\/#\/schema\/logo\/image\/"},"sameAs":["https:\/\/www.instagram.com\/airco2_fintech\/?hl=es","https:\/\/www.linkedin.com\/products\/airco2-carbon-manager\/?trk=organization_guest_main_product_card"]},{"@type":"Person","@id":"https:\/\/www.airco2.earth\/blog\/#\/schema\/person\/ef063bb18a0e906fa67453ed27890422","name":"airco2","image":{"@type":"ImageObject","inLanguage":"es","@id":"https:\/\/www.airco2.earth\/blog\/#\/schema\/person\/image\/","url":"https:\/\/secure.gravatar.com\/avatar\/6cc7b3398f8c011883a3f1a23d269c17?s=96&d=mm&r=g","contentUrl":"https:\/\/secure.gravatar.com\/avatar\/6cc7b3398f8c011883a3f1a23d269c17?s=96&d=mm&r=g","caption":"airco2"},"sameAs":["https:\/\/www.airco2.earth\/blog"],"url":"https:\/\/www.airco2.earth\/blog\/author\/airco2\/"}]}},"_links":{"self":[{"href":"https:\/\/www.airco2.earth\/blog\/wp-json\/wp\/v2\/posts\/369"}],"collection":[{"href":"https:\/\/www.airco2.earth\/blog\/wp-json\/wp\/v2\/posts"}],"about":[{"href":"https:\/\/www.airco2.earth\/blog\/wp-json\/wp\/v2\/types\/post"}],"author":[{"embeddable":true,"href":"https:\/\/www.airco2.earth\/blog\/wp-json\/wp\/v2\/users\/1"}],"replies":[{"embeddable":true,"href":"https:\/\/www.airco2.earth\/blog\/wp-json\/wp\/v2\/comments?post=369"}],"version-history":[{"count":2,"href":"https:\/\/www.airco2.earth\/blog\/wp-json\/wp\/v2\/posts\/369\/revisions"}],"predecessor-version":[{"id":485,"href":"https:\/\/www.airco2.earth\/blog\/wp-json\/wp\/v2\/posts\/369\/revisions\/485"}],"wp:featuredmedia":[{"embeddable":true,"href":"https:\/\/www.airco2.earth\/blog\/wp-json\/wp\/v2\/media\/371"}],"wp:attachment":[{"href":"https:\/\/www.airco2.earth\/blog\/wp-json\/wp\/v2\/media?parent=369"}],"wp:term":[{"taxonomy":"category","embeddable":true,"href":"https:\/\/www.airco2.earth\/blog\/wp-json\/wp\/v2\/categories?post=369"},{"taxonomy":"post_tag","embeddable":true,"href":"https:\/\/www.airco2.earth\/blog\/wp-json\/wp\/v2\/tags?post=369"}],"curies":[{"name":"wp","href":"https:\/\/api.w.org\/{rel}","templated":true}]}}