{"id":902,"date":"2024-10-25T11:57:44","date_gmt":"2024-10-25T09:57:44","guid":{"rendered":"https:\/\/www.airco2.earth\/blog\/?p=902"},"modified":"2024-10-29T08:54:40","modified_gmt":"2024-10-29T07:54:40","slug":"net-zero","status":"publish","type":"post","link":"https:\/\/www.airco2.earth\/blog\/2024\/10\/25\/net-zero\/","title":{"rendered":"Compromisos Globales y la carrera hacia el futuro Net Zero"},"content":{"rendered":"\n<h4 class=\"wp-block-heading\"><strong>\u00bfPor qu\u00e9 es crucial alcanzar el Net Zero?<\/strong><\/h4>\n\n\n\n<p class=\"has-contrast-2-color has-text-color has-link-color wp-elements-f85b4f963e963db74b04d0af3b3ea3d7\">El concepto de Net Zero se ha convertido en un pilar fundamental en la lucha contra el cambio clim\u00e1tico. Pero, \u00bfQu\u00e9 significa realmente alcanzar cero emisiones netas de CO2? En esencia, si logramos este objetivo, podr\u00edamos detener el calentamiento global y mitigar sus efectos devastadores en nuestro planeta.&nbsp;<\/p>\n\n\n\n<h4 class=\"wp-block-heading\"><strong>La urgencia del IPCC: \u00bfEstamos haciendo suficiente?<\/strong><\/h4>\n\n\n\n<p class=\"has-contrast-2-color has-text-color has-link-color wp-elements-720f65928b91b6a772cd048403f2267f\">Los cient\u00edficos del Panel Intergubernamental sobre el <strong>Cambio Clim\u00e1tico (IPCC) <\/strong>han sido claros: necesitamos actuar ya. En su Sexto Ciclo de Evaluaci\u00f3n, nos advierten que el l\u00edmite cr\u00edtico de 1.5\u00b0C es un punto de no retorno. \u00bfTe imaginas un mundo donde las temperaturas superan este umbral? Para evitarlo, se ha propuesto que tanto empresas como naciones se comprometan a ser Net Zero para 2050. Este llamado fue aclamado por los l\u00edderes mundiales en la COP 26 de 2021.<\/p>\n\n\n\n<h4 class=\"wp-block-heading\"><strong>Compromisos Globales: \u00bfQui\u00e9nes est\u00e1n liderando el cambio?<\/strong><\/h4>\n\n\n\n<p class=\"has-contrast-2-color has-text-color has-link-color wp-elements-a83fdb4db991f7c52b118e05fd2e8fc8\">Entre los pa\u00edses m\u00e1s comprometidos, destacan los de la Uni\u00f3n Europea y Estados Unidos. Los 27 estados miembros de la UE han establecido un objetivo ambicioso: ser clim\u00e1ticamente neutros para 2050. <\/p>\n\n\n\n<p class=\"has-contrast-2-color has-text-color has-link-color wp-elements-134c0fc6e3aedb41fecc25551481114e\">Adem\u00e1s, buscan reducir las emisiones en un 55% para 2030. Estos objetivos est\u00e1n formalizados en la Ley Europea del Clima, aprobada el 30 de junio de 2021.<\/p>\n\n\n\n<p class=\"has-contrast-2-color has-text-color has-link-color wp-elements-8a47c12c8a3c9248f4273d2d61b84f18\">El Reino Unido fue pionero al convertirse en el primer pa\u00eds en comprometerse legalmente a alcanzar emisiones neutras para 2050. Y no podemos olvidar a China, el mayor emisor mundial, que ha fijado su meta de neutralidad para 2060.<\/p>\n\n\n\n<h4 class=\"wp-block-heading\"><strong>Desaf\u00edos por delante: \u00bfEstamos haciendo lo suficiente?<\/strong><\/h4>\n\n\n\n<p class=\"has-contrast-2-color has-text-color has-link-color wp-elements-bd7ccb13ff9e1fae39f02438337bfb27\">A pesar de estos compromisos, el an\u00e1lisis de las Contribuciones Determinadas a Nivel Nacional (NDCs) para 2030 revela que el esfuerzo actual es insuficiente. Los expertos de<a href=\"https:\/\/climateactiontracker.org\/\"> Climate Action Tracker <\/a>advierten que, sin esfuerzos significativos en esta d\u00e9cada, podr\u00edamos superar el l\u00edmite de 1.5\u00b0C. Las proyecciones indican un aumento de temperatura de entre 2.4\u00b0C y 2.7\u00b0C para 2100.<\/p>\n\n\n\n<h4 class=\"wp-block-heading\"><strong>\u00a1Act\u00faa Ahora!<\/strong><\/h4>\n\n\n\n<p class=\"has-contrast-2-color has-text-color has-link-color wp-elements-f603fe87cc116a44c716d7bae76e623a\">En<a href=\"https:\/\/www.airco2.earth\/\"> airCO2,<\/a> creemos que cada empresa puede ser parte de la soluci\u00f3n hacia un mundo m\u00e1s sostenible. Nos especializamos en guiar a las organizaciones en su viaje hacia la sostenibilidad y en el cumplimiento de los objetivos de la iniciativa Science Based Targets (SBTi).<\/p>\n\n\n\n<p class=\"has-contrast-2-color has-text-color has-link-color wp-elements-739eafc331325213bcd666dc0d38dd94\">Si est\u00e1s listo para dar el siguiente paso hacia un futuro m\u00e1s eficiente, te invitamos a visitar nuestra p\u00e1gina web y ponerte en contacto con nuestro equipo.<\/p>\n","protected":false},"excerpt":{"rendered":"<p>\u00bfPor qu\u00e9 es crucial alcanzar el Net Zero? El concepto de Net Zero se ha convertido en un pilar fundamental en la lucha contra el cambio clim\u00e1tico. Pero, \u00bfQu\u00e9 significa realmente alcanzar cero emisiones netas de CO2? En esencia, si logramos este objetivo, podr\u00edamos detener el calentamiento global y mitigar sus efectos devastadores en nuestro [&hellip;]<\/p>\n","protected":false},"author":1,"featured_media":903,"comment_status":"open","ping_status":"open","sticky":false,"template":"","format":"standard","meta":{"_yoast_wpseo_title":"","_yoast_wpseo_metadesc":"El concepto de Net Zero se ha convertido en un pilar fundamental en la lucha contra el cambio clim\u00e1tico. Pero, \u00bfQu\u00e9 significa realmente ?","footnotes":""},"categories":[10],"tags":[],"class_list":["post-902","post","type-post","status-publish","format-standard","has-post-thumbnail","hentry","category-sostenibilidad"],"yoast_head":"<!-- This site is optimized with the Yoast SEO plugin v25.6 - https:\/\/yoast.com\/wordpress\/plugins\/seo\/ -->\n<title>Compromisos Globales y la carrera hacia el futuro Net Zero - Blog airCO2<\/title>\n<meta name=\"description\" content=\"El concepto de Net Zero se ha convertido en un pilar fundamental en la lucha contra el cambio clim\u00e1tico. Pero, \u00bfQu\u00e9 significa realmente ?\" \/>\n<meta name=\"robots\" content=\"index, follow, max-snippet:-1, max-image-preview:large, max-video-preview:-1\" \/>\n<link rel=\"canonical\" href=\"https:\/\/www.airco2.earth\/blog\/2024\/10\/25\/net-zero\/\" \/>\n<meta property=\"og:locale\" content=\"es_ES\" \/>\n<meta property=\"og:type\" content=\"article\" \/>\n<meta property=\"og:title\" content=\"Compromisos Globales y la carrera hacia el futuro Net Zero - Blog airCO2\" \/>\n<meta property=\"og:description\" content=\"El concepto de Net Zero se ha convertido en un pilar fundamental en la lucha contra el cambio clim\u00e1tico. Pero, \u00bfQu\u00e9 significa realmente ?\" \/>\n<meta property=\"og:url\" content=\"https:\/\/www.airco2.earth\/blog\/2024\/10\/25\/net-zero\/\" \/>\n<meta property=\"og:site_name\" content=\"Blog airCO2\" \/>\n<meta property=\"article:published_time\" content=\"2024-10-25T09:57:44+00:00\" \/>\n<meta property=\"article:modified_time\" content=\"2024-10-29T07:54:40+00:00\" \/>\n<meta property=\"og:image\" content=\"https:\/\/www.airco2.earth\/blog\/wp-content\/uploads\/2024\/10\/Diseno-sin-titulo-10.png\" \/>\n\t<meta property=\"og:image:width\" content=\"400\" \/>\n\t<meta property=\"og:image:height\" content=\"600\" \/>\n\t<meta property=\"og:image:type\" content=\"image\/png\" \/>\n<meta name=\"author\" content=\"airco2\" \/>\n<meta name=\"twitter:card\" content=\"summary_large_image\" \/>\n<meta name=\"twitter:label1\" content=\"Escrito por\" \/>\n\t<meta name=\"twitter:data1\" content=\"airco2\" \/>\n\t<meta name=\"twitter:label2\" content=\"Tiempo de lectura\" \/>\n\t<meta name=\"twitter:data2\" content=\"2 minutos\" \/>\n<script type=\"application\/ld+json\" class=\"yoast-schema-graph\">{\"@context\":\"https:\/\/schema.org\",\"@graph\":[{\"@type\":\"Article\",\"@id\":\"https:\/\/www.airco2.earth\/blog\/2024\/10\/25\/net-zero\/#article\",\"isPartOf\":{\"@id\":\"https:\/\/www.airco2.earth\/blog\/2024\/10\/25\/net-zero\/\"},\"author\":{\"name\":\"airco2\",\"@id\":\"https:\/\/www.airco2.earth\/blog\/#\/schema\/person\/ef063bb18a0e906fa67453ed27890422\"},\"headline\":\"Compromisos Globales y la carrera hacia el futuro Net Zero\",\"datePublished\":\"2024-10-25T09:57:44+00:00\",\"dateModified\":\"2024-10-29T07:54:40+00:00\",\"mainEntityOfPage\":{\"@id\":\"https:\/\/www.airco2.earth\/blog\/2024\/10\/25\/net-zero\/\"},\"wordCount\":409,\"commentCount\":0,\"publisher\":{\"@id\":\"https:\/\/www.airco2.earth\/blog\/#organization\"},\"image\":{\"@id\":\"https:\/\/www.airco2.earth\/blog\/2024\/10\/25\/net-zero\/#primaryimage\"},\"thumbnailUrl\":\"https:\/\/www.airco2.earth\/blog\/wp-content\/uploads\/2024\/10\/Diseno-sin-titulo-10.png\",\"articleSection\":[\"Sostenibilidad\"],\"inLanguage\":\"es\",\"potentialAction\":[{\"@type\":\"CommentAction\",\"name\":\"Comment\",\"target\":[\"https:\/\/www.airco2.earth\/blog\/2024\/10\/25\/net-zero\/#respond\"]}]},{\"@type\":\"WebPage\",\"@id\":\"https:\/\/www.airco2.earth\/blog\/2024\/10\/25\/net-zero\/\",\"url\":\"https:\/\/www.airco2.earth\/blog\/2024\/10\/25\/net-zero\/\",\"name\":\"Compromisos Globales y la carrera hacia el futuro Net Zero - Blog airCO2\",\"isPartOf\":{\"@id\":\"https:\/\/www.airco2.earth\/blog\/#website\"},\"primaryImageOfPage\":{\"@id\":\"https:\/\/www.airco2.earth\/blog\/2024\/10\/25\/net-zero\/#primaryimage\"},\"image\":{\"@id\":\"https:\/\/www.airco2.earth\/blog\/2024\/10\/25\/net-zero\/#primaryimage\"},\"thumbnailUrl\":\"https:\/\/www.airco2.earth\/blog\/wp-content\/uploads\/2024\/10\/Diseno-sin-titulo-10.png\",\"datePublished\":\"2024-10-25T09:57:44+00:00\",\"dateModified\":\"2024-10-29T07:54:40+00:00\",\"description\":\"El concepto de Net Zero se ha convertido en un pilar fundamental en la lucha contra el cambio clim\u00e1tico. Pero, \u00bfQu\u00e9 significa realmente ?\",\"breadcrumb\":{\"@id\":\"https:\/\/www.airco2.earth\/blog\/2024\/10\/25\/net-zero\/#breadcrumb\"},\"inLanguage\":\"es\",\"potentialAction\":[{\"@type\":\"ReadAction\",\"target\":[\"https:\/\/www.airco2.earth\/blog\/2024\/10\/25\/net-zero\/\"]}]},{\"@type\":\"ImageObject\",\"inLanguage\":\"es\",\"@id\":\"https:\/\/www.airco2.earth\/blog\/2024\/10\/25\/net-zero\/#primaryimage\",\"url\":\"https:\/\/www.airco2.earth\/blog\/wp-content\/uploads\/2024\/10\/Diseno-sin-titulo-10.png\",\"contentUrl\":\"https:\/\/www.airco2.earth\/blog\/wp-content\/uploads\/2024\/10\/Diseno-sin-titulo-10.png\",\"width\":400,\"height\":600},{\"@type\":\"BreadcrumbList\",\"@id\":\"https:\/\/www.airco2.earth\/blog\/2024\/10\/25\/net-zero\/#breadcrumb\",\"itemListElement\":[{\"@type\":\"ListItem\",\"position\":1,\"name\":\"Portada\",\"item\":\"https:\/\/www.airco2.earth\/blog\/\"},{\"@type\":\"ListItem\",\"position\":2,\"name\":\"Compromisos Globales y la carrera hacia el futuro Net Zero\"}]},{\"@type\":\"WebSite\",\"@id\":\"https:\/\/www.airco2.earth\/blog\/#website\",\"url\":\"https:\/\/www.airco2.earth\/blog\/\",\"name\":\"Airco2\",\"description\":\"Noticias y consejos sobre Huella de Carbono\",\"publisher\":{\"@id\":\"https:\/\/www.airco2.earth\/blog\/#organization\"},\"potentialAction\":[{\"@type\":\"SearchAction\",\"target\":{\"@type\":\"EntryPoint\",\"urlTemplate\":\"https:\/\/www.airco2.earth\/blog\/?s={search_term_string}\"},\"query-input\":{\"@type\":\"PropertyValueSpecification\",\"valueRequired\":true,\"valueName\":\"search_term_string\"}}],\"inLanguage\":\"es\"},{\"@type\":\"Organization\",\"@id\":\"https:\/\/www.airco2.earth\/blog\/#organization\",\"name\":\"Airco2\",\"url\":\"https:\/\/www.airco2.earth\/blog\/\",\"logo\":{\"@type\":\"ImageObject\",\"inLanguage\":\"es\",\"@id\":\"https:\/\/www.airco2.earth\/blog\/#\/schema\/logo\/image\/\",\"url\":\"\",\"contentUrl\":\"\",\"caption\":\"Airco2\"},\"image\":{\"@id\":\"https:\/\/www.airco2.earth\/blog\/#\/schema\/logo\/image\/\"},\"sameAs\":[\"https:\/\/www.instagram.com\/airco2_fintech\/?hl=es\",\"https:\/\/www.linkedin.com\/products\/airco2-carbon-manager\/?trk=organization_guest_main_product_card\"]},{\"@type\":\"Person\",\"@id\":\"https:\/\/www.airco2.earth\/blog\/#\/schema\/person\/ef063bb18a0e906fa67453ed27890422\",\"name\":\"airco2\",\"image\":{\"@type\":\"ImageObject\",\"inLanguage\":\"es\",\"@id\":\"https:\/\/www.airco2.earth\/blog\/#\/schema\/person\/image\/\",\"url\":\"https:\/\/secure.gravatar.com\/avatar\/6cc7b3398f8c011883a3f1a23d269c17?s=96&d=mm&r=g\",\"contentUrl\":\"https:\/\/secure.gravatar.com\/avatar\/6cc7b3398f8c011883a3f1a23d269c17?s=96&d=mm&r=g\",\"caption\":\"airco2\"},\"sameAs\":[\"https:\/\/www.airco2.earth\/blog\"],\"url\":\"https:\/\/www.airco2.earth\/blog\/author\/airco2\/\"}]}<\/script>\n<!-- \/ Yoast SEO plugin. -->","yoast_head_json":{"title":"Compromisos Globales y la carrera hacia el futuro Net Zero - Blog airCO2","description":"El concepto de Net Zero se ha convertido en un pilar fundamental en la lucha contra el cambio clim\u00e1tico. Pero, \u00bfQu\u00e9 significa realmente ?","robots":{"index":"index","follow":"follow","max-snippet":"max-snippet:-1","max-image-preview":"max-image-preview:large","max-video-preview":"max-video-preview:-1"},"canonical":"https:\/\/www.airco2.earth\/blog\/2024\/10\/25\/net-zero\/","og_locale":"es_ES","og_type":"article","og_title":"Compromisos Globales y la carrera hacia el futuro Net Zero - Blog airCO2","og_description":"El concepto de Net Zero se ha convertido en un pilar fundamental en la lucha contra el cambio clim\u00e1tico. Pero, \u00bfQu\u00e9 significa realmente ?","og_url":"https:\/\/www.airco2.earth\/blog\/2024\/10\/25\/net-zero\/","og_site_name":"Blog airCO2","article_published_time":"2024-10-25T09:57:44+00:00","article_modified_time":"2024-10-29T07:54:40+00:00","og_image":[{"width":400,"height":600,"url":"https:\/\/www.airco2.earth\/blog\/wp-content\/uploads\/2024\/10\/Diseno-sin-titulo-10.png","type":"image\/png"}],"author":"airco2","twitter_card":"summary_large_image","twitter_misc":{"Escrito por":"airco2","Tiempo de lectura":"2 minutos"},"schema":{"@context":"https:\/\/schema.org","@graph":[{"@type":"Article","@id":"https:\/\/www.airco2.earth\/blog\/2024\/10\/25\/net-zero\/#article","isPartOf":{"@id":"https:\/\/www.airco2.earth\/blog\/2024\/10\/25\/net-zero\/"},"author":{"name":"airco2","@id":"https:\/\/www.airco2.earth\/blog\/#\/schema\/person\/ef063bb18a0e906fa67453ed27890422"},"headline":"Compromisos Globales y la carrera hacia el futuro Net Zero","datePublished":"2024-10-25T09:57:44+00:00","dateModified":"2024-10-29T07:54:40+00:00","mainEntityOfPage":{"@id":"https:\/\/www.airco2.earth\/blog\/2024\/10\/25\/net-zero\/"},"wordCount":409,"commentCount":0,"publisher":{"@id":"https:\/\/www.airco2.earth\/blog\/#organization"},"image":{"@id":"https:\/\/www.airco2.earth\/blog\/2024\/10\/25\/net-zero\/#primaryimage"},"thumbnailUrl":"https:\/\/www.airco2.earth\/blog\/wp-content\/uploads\/2024\/10\/Diseno-sin-titulo-10.png","articleSection":["Sostenibilidad"],"inLanguage":"es","potentialAction":[{"@type":"CommentAction","name":"Comment","target":["https:\/\/www.airco2.earth\/blog\/2024\/10\/25\/net-zero\/#respond"]}]},{"@type":"WebPage","@id":"https:\/\/www.airco2.earth\/blog\/2024\/10\/25\/net-zero\/","url":"https:\/\/www.airco2.earth\/blog\/2024\/10\/25\/net-zero\/","name":"Compromisos Globales y la carrera hacia el futuro Net Zero - Blog airCO2","isPartOf":{"@id":"https:\/\/www.airco2.earth\/blog\/#website"},"primaryImageOfPage":{"@id":"https:\/\/www.airco2.earth\/blog\/2024\/10\/25\/net-zero\/#primaryimage"},"image":{"@id":"https:\/\/www.airco2.earth\/blog\/2024\/10\/25\/net-zero\/#primaryimage"},"thumbnailUrl":"https:\/\/www.airco2.earth\/blog\/wp-content\/uploads\/2024\/10\/Diseno-sin-titulo-10.png","datePublished":"2024-10-25T09:57:44+00:00","dateModified":"2024-10-29T07:54:40+00:00","description":"El concepto de Net Zero se ha convertido en un pilar fundamental en la lucha contra el cambio clim\u00e1tico. Pero, \u00bfQu\u00e9 significa realmente ?","breadcrumb":{"@id":"https:\/\/www.airco2.earth\/blog\/2024\/10\/25\/net-zero\/#breadcrumb"},"inLanguage":"es","potentialAction":[{"@type":"ReadAction","target":["https:\/\/www.airco2.earth\/blog\/2024\/10\/25\/net-zero\/"]}]},{"@type":"ImageObject","inLanguage":"es","@id":"https:\/\/www.airco2.earth\/blog\/2024\/10\/25\/net-zero\/#primaryimage","url":"https:\/\/www.airco2.earth\/blog\/wp-content\/uploads\/2024\/10\/Diseno-sin-titulo-10.png","contentUrl":"https:\/\/www.airco2.earth\/blog\/wp-content\/uploads\/2024\/10\/Diseno-sin-titulo-10.png","width":400,"height":600},{"@type":"BreadcrumbList","@id":"https:\/\/www.airco2.earth\/blog\/2024\/10\/25\/net-zero\/#breadcrumb","itemListElement":[{"@type":"ListItem","position":1,"name":"Portada","item":"https:\/\/www.airco2.earth\/blog\/"},{"@type":"ListItem","position":2,"name":"Compromisos Globales y la carrera hacia el futuro Net Zero"}]},{"@type":"WebSite","@id":"https:\/\/www.airco2.earth\/blog\/#website","url":"https:\/\/www.airco2.earth\/blog\/","name":"Airco2","description":"Noticias y consejos sobre Huella de Carbono","publisher":{"@id":"https:\/\/www.airco2.earth\/blog\/#organization"},"potentialAction":[{"@type":"SearchAction","target":{"@type":"EntryPoint","urlTemplate":"https:\/\/www.airco2.earth\/blog\/?s={search_term_string}"},"query-input":{"@type":"PropertyValueSpecification","valueRequired":true,"valueName":"search_term_string"}}],"inLanguage":"es"},{"@type":"Organization","@id":"https:\/\/www.airco2.earth\/blog\/#organization","name":"Airco2","url":"https:\/\/www.airco2.earth\/blog\/","logo":{"@type":"ImageObject","inLanguage":"es","@id":"https:\/\/www.airco2.earth\/blog\/#\/schema\/logo\/image\/","url":"","contentUrl":"","caption":"Airco2"},"image":{"@id":"https:\/\/www.airco2.earth\/blog\/#\/schema\/logo\/image\/"},"sameAs":["https:\/\/www.instagram.com\/airco2_fintech\/?hl=es","https:\/\/www.linkedin.com\/products\/airco2-carbon-manager\/?trk=organization_guest_main_product_card"]},{"@type":"Person","@id":"https:\/\/www.airco2.earth\/blog\/#\/schema\/person\/ef063bb18a0e906fa67453ed27890422","name":"airco2","image":{"@type":"ImageObject","inLanguage":"es","@id":"https:\/\/www.airco2.earth\/blog\/#\/schema\/person\/image\/","url":"https:\/\/secure.gravatar.com\/avatar\/6cc7b3398f8c011883a3f1a23d269c17?s=96&d=mm&r=g","contentUrl":"https:\/\/secure.gravatar.com\/avatar\/6cc7b3398f8c011883a3f1a23d269c17?s=96&d=mm&r=g","caption":"airco2"},"sameAs":["https:\/\/www.airco2.earth\/blog"],"url":"https:\/\/www.airco2.earth\/blog\/author\/airco2\/"}]}},"_links":{"self":[{"href":"https:\/\/www.airco2.earth\/blog\/wp-json\/wp\/v2\/posts\/902"}],"collection":[{"href":"https:\/\/www.airco2.earth\/blog\/wp-json\/wp\/v2\/posts"}],"about":[{"href":"https:\/\/www.airco2.earth\/blog\/wp-json\/wp\/v2\/types\/post"}],"author":[{"embeddable":true,"href":"https:\/\/www.airco2.earth\/blog\/wp-json\/wp\/v2\/users\/1"}],"replies":[{"embeddable":true,"href":"https:\/\/www.airco2.earth\/blog\/wp-json\/wp\/v2\/comments?post=902"}],"version-history":[{"count":1,"href":"https:\/\/www.airco2.earth\/blog\/wp-json\/wp\/v2\/posts\/902\/revisions"}],"predecessor-version":[{"id":904,"href":"https:\/\/www.airco2.earth\/blog\/wp-json\/wp\/v2\/posts\/902\/revisions\/904"}],"wp:featuredmedia":[{"embeddable":true,"href":"https:\/\/www.airco2.earth\/blog\/wp-json\/wp\/v2\/media\/903"}],"wp:attachment":[{"href":"https:\/\/www.airco2.earth\/blog\/wp-json\/wp\/v2\/media?parent=902"}],"wp:term":[{"taxonomy":"category","embeddable":true,"href":"https:\/\/www.airco2.earth\/blog\/wp-json\/wp\/v2\/categories?post=902"},{"taxonomy":"post_tag","embeddable":true,"href":"https:\/\/www.airco2.earth\/blog\/wp-json\/wp\/v2\/tags?post=902"}],"curies":[{"name":"wp","href":"https:\/\/api.w.org\/{rel}","templated":true}]}}