{"id":986,"date":"2025-02-19T12:36:07","date_gmt":"2025-02-19T11:36:07","guid":{"rendered":"https:\/\/www.airco2.earth\/blog\/?p=986"},"modified":"2025-02-19T12:37:08","modified_gmt":"2025-02-19T11:37:08","slug":"la-diputacion-foral-de-gipuzkoa-ha-lanzado-subvenciones","status":"publish","type":"post","link":"https:\/\/www.airco2.earth\/blog\/2025\/02\/19\/la-diputacion-foral-de-gipuzkoa-ha-lanzado-subvenciones\/","title":{"rendered":"C\u00f3mo acceder a las ayudas en Gipuzkoa para gestionar tu huella de carbono"},"content":{"rendered":"\n<p>La Diputaci\u00f3n Foral de Gipuzkoa ha lanzado subvenciones para empresas y municipios que quieran <strong>reducir sus emisiones de carbono, mejorar su eficiencia energ\u00e9tica y restaurar espacios naturales.<\/strong> Estas ayudas, que suman <strong>1.140.000\u20ac<\/strong>, est\u00e1n dise\u00f1adas para facilitar la transici\u00f3n sostenible y abrir nuevas oportunidades.<\/p>\n\n\n\n<p><strong>Si tu empresa est\u00e1 en Gipuzkoa<\/strong>, esta es la ocasi\u00f3n para aprovechar financiaci\u00f3n p\u00fablica y comenzar a <strong>medir y gestionar tu huella de carbono<\/strong> de forma efectiva.<\/p>\n\n\n\n<h2 class=\"wp-block-heading\"><strong>\u00bfPor qu\u00e9 reducir la huella de carbono con esta ayuda?<\/strong><\/h2>\n\n\n\n<p>La sostenibilidad ya no es opcional. Las empresas y municipios que adoptan medidas para reducir emisiones obtienen:<\/p>\n\n\n\n<p>\u2714 \ufe0f Menor coste energ\u00e9tico y mayor eficiencia.<br>\u2714 \ufe0f Mejor reputaci\u00f3n entre clientes, inversores y ciudadanos.<br>\u2714 \ufe0f Cumplimiento con normativas ambientales actuales y futuras.<br>\u2714 \ufe0f Nuevas oportunidades de negocio al alinear sus pr\u00e1cticas con las demandas del mercado.<\/p>\n\n\n\n<p><strong>Gracias a estas ayudas, dar el primer paso para medir y reducir tu huella de carbono es m\u00e1s accesible que nunca.<\/strong><\/p>\n\n\n\n<h2 class=\"wp-block-heading\"><strong>\u00bfQui\u00e9n puede acceder y para qu\u00e9 se pueden usar estas ayudas?<\/strong><\/h2>\n\n\n\n<p>Estas subvenciones est\u00e1n dirigidas a:<\/p>\n\n\n\n<ul class=\"wp-block-list\">\n<li><strong>PYMES<\/strong> \u2192 Empresas interesadas en medir su impacto ambiental y reducir emisiones.<\/li>\n\n\n\n<li><strong>Municipios<\/strong> \u2192 Ayuntamientos que deseen optimizar su consumo energ\u00e9tico y fomentar energ\u00edas limpias.<\/li>\n\n\n\n<li><strong>Organizaciones ambientales<\/strong> \u2192 Entidades comprometidas con la restauraci\u00f3n de espacios naturales.<\/li>\n<\/ul>\n\n\n\n<p>Los fondos est\u00e1n destinados a proyectos de sostenibilidad concretos, incluyendo:<strong><br><\/strong><strong>\u2714 \ufe0f C\u00e1lculo de la huella de carbono<\/strong> \u2192 Para medir y gestionar las emisiones con herramientas digitales.<br><strong>\u2714 \ufe0f Planes de descarbonizaci\u00f3n<\/strong> \u2192 Dise\u00f1ar estrategias basadas en datos reales.<br><strong>\u2714 \ufe0f Auditor\u00edas energ\u00e9ticas<\/strong> \u2192 Identificar y aprovechar oportunidades de eficiencia.<br><strong>\u2714 \ufe0f Implantaci\u00f3n de energ\u00edas renovables<\/strong> \u2192 Introducir soluciones limpias como solar y e\u00f3lica.<br><strong>\u2714 \ufe0f Restauraci\u00f3n de espacios naturales<\/strong> \u2192 Reforestaci\u00f3n y conservaci\u00f3n de la biodiversidad.<\/p>\n\n\n\n<p>Con esta ayuda, puedes estructurar todo el proceso para <strong>gestionar tu huella de carbono con airCO2,<\/strong> desde el c\u00e1lculo hasta la ejecuci\u00f3n del plan.<\/p>\n\n\n\n<h2 class=\"wp-block-heading\"><strong>Distribuci\u00f3n de los fondos<\/strong><\/h2>\n\n\n\n<ul class=\"wp-block-list\">\n<li><strong>450.000\u20ac<\/strong> \u2192 Para PYMES en auditor\u00edas, c\u00e1lculo de huella y renovables.<\/li>\n\n\n\n<li><strong>390.000\u20ac<\/strong> \u2192 Para municipios en eficiencia energ\u00e9tica.<\/li>\n\n\n\n<li><strong>300.000\u20ac<\/strong> \u2192 Para restauraci\u00f3n de espacios naturales.<\/li>\n<\/ul>\n\n\n\n<p><strong>Este presupuesto asegura que empresas y municipios puedan aprovechar la financiaci\u00f3n para medir y reducir su impacto ambiental de manera m\u00e1s efectiva.<\/strong><\/p>\n\n\n\n<h2 class=\"wp-block-heading\"><strong>Plazo de solicitud y requisitos<\/strong><\/h2>\n\n\n\n<p><strong>Plazo de solicitud:<\/strong> 20 d\u00edas h\u00e1biles desde la publicaci\u00f3n en el Bolet\u00edn Oficial de Gipuzkoa.<\/p>\n\n\n\n<p><strong>Documentaci\u00f3n obligatoria:<\/strong><strong><br><\/strong>\u2714 \ufe0f Identificaci\u00f3n de la empresa u organizaci\u00f3n.<br>\u2714 \ufe0f Memoria justificativa del proyecto.<br>\u2714 \ufe0f Presupuesto detallado.<br>\u2714 \ufe0f Datos administrativos.<\/p>\n\n\n\n<p><strong>Cumplir con estos requisitos es clave para obtener la financiaci\u00f3n y comenzar a gestionar tu huella de carbono con herramientas avanzadas como airCO2.<\/strong><\/p>\n\n\n\n<p><strong>Gestiona tu huella de carbono con airCO2 y estas ayudas<\/strong><\/p>\n\n\n\n<p>Usar una plataforma como <strong>airCO2<\/strong> permite a las empresas y municipios maximizar el impacto de esta financiaci\u00f3n.<\/p>\n\n\n\n<ul class=\"wp-block-list\">\n<li> Calcular las emisiones de manera automatizada y precisa.<\/li>\n\n\n\n<li> Dise\u00f1ar planes de reducci\u00f3n adaptados a los criterios de la ayuda.<\/li>\n\n\n\n<li> Digitalizar y centralizar todo el proceso, facilitando el reporte y seguimiento.<\/li>\n\n\n\n<li>Reducir el tiempo y los recursos necesarios para estructurar el plan de descarbonizaci\u00f3n.<\/li>\n<\/ul>\n\n\n\n<p><strong><a href=\"https:\/\/www.airco2.earth\/en\/agendar-asesoria-inicial\">Consulta los requisitos, organiza tu proyecto y comienza a gestionar tu sostenibilidad con airCO2.<\/a><\/strong><\/p>\n\n\n\n<p><\/p>\n","protected":false},"excerpt":{"rendered":"<p>La Diputaci\u00f3n Foral de Gipuzkoa ha lanzado subvenciones para empresas y municipios que quieran reducir sus emisiones de carbono, mejorar su eficiencia energ\u00e9tica y restaurar espacios naturales. Estas ayudas, que suman 1.140.000\u20ac, est\u00e1n dise\u00f1adas para facilitar la transici\u00f3n sostenible y abrir nuevas oportunidades. Si tu empresa est\u00e1 en Gipuzkoa, esta es la ocasi\u00f3n para aprovechar [&hellip;]<\/p>\n","protected":false},"author":1,"featured_media":987,"comment_status":"open","ping_status":"open","sticky":false,"template":"","format":"standard","meta":{"_yoast_wpseo_title":"La Diputaci\u00f3n Foral de Gipuzkoa ha lanzado subvenciones","_yoast_wpseo_metadesc":"La Diputaci\u00f3n Foral de Gipuzkoa ha lanzado subvenciones para empresas y municipios que quieren reducir sus emisiones de carbono","footnotes":""},"categories":[10],"tags":[],"class_list":["post-986","post","type-post","status-publish","format-standard","has-post-thumbnail","hentry","category-sostenibilidad"],"yoast_head":"<!-- This site is optimized with the Yoast SEO plugin v25.6 - https:\/\/yoast.com\/wordpress\/plugins\/seo\/ -->\n<title>La Diputaci\u00f3n Foral de Gipuzkoa ha lanzado subvenciones<\/title>\n<meta name=\"description\" content=\"La Diputaci\u00f3n Foral de Gipuzkoa ha lanzado subvenciones para empresas y municipios que quieren reducir sus emisiones de carbono\" \/>\n<meta name=\"robots\" content=\"index, follow, max-snippet:-1, max-image-preview:large, max-video-preview:-1\" \/>\n<link rel=\"canonical\" href=\"https:\/\/www.airco2.earth\/blog\/2025\/02\/19\/la-diputacion-foral-de-gipuzkoa-ha-lanzado-subvenciones\/\" \/>\n<meta property=\"og:locale\" content=\"es_ES\" \/>\n<meta property=\"og:type\" content=\"article\" \/>\n<meta property=\"og:title\" content=\"La Diputaci\u00f3n Foral de Gipuzkoa ha lanzado subvenciones\" \/>\n<meta property=\"og:description\" content=\"La Diputaci\u00f3n Foral de Gipuzkoa ha lanzado subvenciones para empresas y municipios que quieren reducir sus emisiones de carbono\" \/>\n<meta property=\"og:url\" content=\"https:\/\/www.airco2.earth\/blog\/2025\/02\/19\/la-diputacion-foral-de-gipuzkoa-ha-lanzado-subvenciones\/\" \/>\n<meta property=\"og:site_name\" content=\"Blog airCO2\" \/>\n<meta property=\"article:published_time\" content=\"2025-02-19T11:36:07+00:00\" \/>\n<meta property=\"article:modified_time\" content=\"2025-02-19T11:37:08+00:00\" \/>\n<meta property=\"og:image\" content=\"https:\/\/www.airco2.earth\/blog\/wp-content\/uploads\/2025\/02\/unnamed.png\" \/>\n\t<meta property=\"og:image:width\" content=\"512\" \/>\n\t<meta property=\"og:image:height\" content=\"288\" \/>\n\t<meta property=\"og:image:type\" content=\"image\/png\" \/>\n<meta name=\"author\" content=\"airco2\" \/>\n<meta name=\"twitter:card\" content=\"summary_large_image\" \/>\n<meta name=\"twitter:label1\" content=\"Escrito por\" \/>\n\t<meta name=\"twitter:data1\" content=\"airco2\" \/>\n\t<meta name=\"twitter:label2\" content=\"Tiempo de lectura\" \/>\n\t<meta name=\"twitter:data2\" content=\"3 minutos\" \/>\n<script type=\"application\/ld+json\" class=\"yoast-schema-graph\">{\"@context\":\"https:\/\/schema.org\",\"@graph\":[{\"@type\":\"Article\",\"@id\":\"https:\/\/www.airco2.earth\/blog\/2025\/02\/19\/la-diputacion-foral-de-gipuzkoa-ha-lanzado-subvenciones\/#article\",\"isPartOf\":{\"@id\":\"https:\/\/www.airco2.earth\/blog\/2025\/02\/19\/la-diputacion-foral-de-gipuzkoa-ha-lanzado-subvenciones\/\"},\"author\":{\"name\":\"airco2\",\"@id\":\"https:\/\/www.airco2.earth\/blog\/#\/schema\/person\/ef063bb18a0e906fa67453ed27890422\"},\"headline\":\"C\u00f3mo acceder a las ayudas en Gipuzkoa para gestionar tu huella de carbono\",\"datePublished\":\"2025-02-19T11:36:07+00:00\",\"dateModified\":\"2025-02-19T11:37:08+00:00\",\"mainEntityOfPage\":{\"@id\":\"https:\/\/www.airco2.earth\/blog\/2025\/02\/19\/la-diputacion-foral-de-gipuzkoa-ha-lanzado-subvenciones\/\"},\"wordCount\":537,\"commentCount\":0,\"publisher\":{\"@id\":\"https:\/\/www.airco2.earth\/blog\/#organization\"},\"image\":{\"@id\":\"https:\/\/www.airco2.earth\/blog\/2025\/02\/19\/la-diputacion-foral-de-gipuzkoa-ha-lanzado-subvenciones\/#primaryimage\"},\"thumbnailUrl\":\"https:\/\/www.airco2.earth\/blog\/wp-content\/uploads\/2025\/02\/unnamed.png\",\"articleSection\":[\"Sostenibilidad\"],\"inLanguage\":\"es\",\"potentialAction\":[{\"@type\":\"CommentAction\",\"name\":\"Comment\",\"target\":[\"https:\/\/www.airco2.earth\/blog\/2025\/02\/19\/la-diputacion-foral-de-gipuzkoa-ha-lanzado-subvenciones\/#respond\"]}]},{\"@type\":\"WebPage\",\"@id\":\"https:\/\/www.airco2.earth\/blog\/2025\/02\/19\/la-diputacion-foral-de-gipuzkoa-ha-lanzado-subvenciones\/\",\"url\":\"https:\/\/www.airco2.earth\/blog\/2025\/02\/19\/la-diputacion-foral-de-gipuzkoa-ha-lanzado-subvenciones\/\",\"name\":\"La Diputaci\u00f3n Foral de Gipuzkoa ha lanzado subvenciones\",\"isPartOf\":{\"@id\":\"https:\/\/www.airco2.earth\/blog\/#website\"},\"primaryImageOfPage\":{\"@id\":\"https:\/\/www.airco2.earth\/blog\/2025\/02\/19\/la-diputacion-foral-de-gipuzkoa-ha-lanzado-subvenciones\/#primaryimage\"},\"image\":{\"@id\":\"https:\/\/www.airco2.earth\/blog\/2025\/02\/19\/la-diputacion-foral-de-gipuzkoa-ha-lanzado-subvenciones\/#primaryimage\"},\"thumbnailUrl\":\"https:\/\/www.airco2.earth\/blog\/wp-content\/uploads\/2025\/02\/unnamed.png\",\"datePublished\":\"2025-02-19T11:36:07+00:00\",\"dateModified\":\"2025-02-19T11:37:08+00:00\",\"description\":\"La Diputaci\u00f3n Foral de Gipuzkoa ha lanzado subvenciones para empresas y municipios que quieren reducir sus emisiones de carbono\",\"breadcrumb\":{\"@id\":\"https:\/\/www.airco2.earth\/blog\/2025\/02\/19\/la-diputacion-foral-de-gipuzkoa-ha-lanzado-subvenciones\/#breadcrumb\"},\"inLanguage\":\"es\",\"potentialAction\":[{\"@type\":\"ReadAction\",\"target\":[\"https:\/\/www.airco2.earth\/blog\/2025\/02\/19\/la-diputacion-foral-de-gipuzkoa-ha-lanzado-subvenciones\/\"]}]},{\"@type\":\"ImageObject\",\"inLanguage\":\"es\",\"@id\":\"https:\/\/www.airco2.earth\/blog\/2025\/02\/19\/la-diputacion-foral-de-gipuzkoa-ha-lanzado-subvenciones\/#primaryimage\",\"url\":\"https:\/\/www.airco2.earth\/blog\/wp-content\/uploads\/2025\/02\/unnamed.png\",\"contentUrl\":\"https:\/\/www.airco2.earth\/blog\/wp-content\/uploads\/2025\/02\/unnamed.png\",\"width\":512,\"height\":288},{\"@type\":\"BreadcrumbList\",\"@id\":\"https:\/\/www.airco2.earth\/blog\/2025\/02\/19\/la-diputacion-foral-de-gipuzkoa-ha-lanzado-subvenciones\/#breadcrumb\",\"itemListElement\":[{\"@type\":\"ListItem\",\"position\":1,\"name\":\"Portada\",\"item\":\"https:\/\/www.airco2.earth\/blog\/\"},{\"@type\":\"ListItem\",\"position\":2,\"name\":\"C\u00f3mo acceder a las ayudas en Gipuzkoa para gestionar tu huella de carbono\"}]},{\"@type\":\"WebSite\",\"@id\":\"https:\/\/www.airco2.earth\/blog\/#website\",\"url\":\"https:\/\/www.airco2.earth\/blog\/\",\"name\":\"Airco2\",\"description\":\"Noticias y consejos sobre Huella de Carbono\",\"publisher\":{\"@id\":\"https:\/\/www.airco2.earth\/blog\/#organization\"},\"potentialAction\":[{\"@type\":\"SearchAction\",\"target\":{\"@type\":\"EntryPoint\",\"urlTemplate\":\"https:\/\/www.airco2.earth\/blog\/?s={search_term_string}\"},\"query-input\":{\"@type\":\"PropertyValueSpecification\",\"valueRequired\":true,\"valueName\":\"search_term_string\"}}],\"inLanguage\":\"es\"},{\"@type\":\"Organization\",\"@id\":\"https:\/\/www.airco2.earth\/blog\/#organization\",\"name\":\"Airco2\",\"url\":\"https:\/\/www.airco2.earth\/blog\/\",\"logo\":{\"@type\":\"ImageObject\",\"inLanguage\":\"es\",\"@id\":\"https:\/\/www.airco2.earth\/blog\/#\/schema\/logo\/image\/\",\"url\":\"\",\"contentUrl\":\"\",\"caption\":\"Airco2\"},\"image\":{\"@id\":\"https:\/\/www.airco2.earth\/blog\/#\/schema\/logo\/image\/\"},\"sameAs\":[\"https:\/\/www.instagram.com\/airco2_fintech\/?hl=es\",\"https:\/\/www.linkedin.com\/products\/airco2-carbon-manager\/?trk=organization_guest_main_product_card\"]},{\"@type\":\"Person\",\"@id\":\"https:\/\/www.airco2.earth\/blog\/#\/schema\/person\/ef063bb18a0e906fa67453ed27890422\",\"name\":\"airco2\",\"image\":{\"@type\":\"ImageObject\",\"inLanguage\":\"es\",\"@id\":\"https:\/\/www.airco2.earth\/blog\/#\/schema\/person\/image\/\",\"url\":\"https:\/\/secure.gravatar.com\/avatar\/6cc7b3398f8c011883a3f1a23d269c17?s=96&d=mm&r=g\",\"contentUrl\":\"https:\/\/secure.gravatar.com\/avatar\/6cc7b3398f8c011883a3f1a23d269c17?s=96&d=mm&r=g\",\"caption\":\"airco2\"},\"sameAs\":[\"https:\/\/www.airco2.earth\/blog\"],\"url\":\"https:\/\/www.airco2.earth\/blog\/author\/airco2\/\"}]}<\/script>\n<!-- \/ Yoast SEO plugin. -->","yoast_head_json":{"title":"La Diputaci\u00f3n Foral de Gipuzkoa ha lanzado subvenciones","description":"La Diputaci\u00f3n Foral de Gipuzkoa ha lanzado subvenciones para empresas y municipios que quieren reducir sus emisiones de carbono","robots":{"index":"index","follow":"follow","max-snippet":"max-snippet:-1","max-image-preview":"max-image-preview:large","max-video-preview":"max-video-preview:-1"},"canonical":"https:\/\/www.airco2.earth\/blog\/2025\/02\/19\/la-diputacion-foral-de-gipuzkoa-ha-lanzado-subvenciones\/","og_locale":"es_ES","og_type":"article","og_title":"La Diputaci\u00f3n Foral de Gipuzkoa ha lanzado subvenciones","og_description":"La Diputaci\u00f3n Foral de Gipuzkoa ha lanzado subvenciones para empresas y municipios que quieren reducir sus emisiones de carbono","og_url":"https:\/\/www.airco2.earth\/blog\/2025\/02\/19\/la-diputacion-foral-de-gipuzkoa-ha-lanzado-subvenciones\/","og_site_name":"Blog airCO2","article_published_time":"2025-02-19T11:36:07+00:00","article_modified_time":"2025-02-19T11:37:08+00:00","og_image":[{"width":512,"height":288,"url":"https:\/\/www.airco2.earth\/blog\/wp-content\/uploads\/2025\/02\/unnamed.png","type":"image\/png"}],"author":"airco2","twitter_card":"summary_large_image","twitter_misc":{"Escrito por":"airco2","Tiempo de lectura":"3 minutos"},"schema":{"@context":"https:\/\/schema.org","@graph":[{"@type":"Article","@id":"https:\/\/www.airco2.earth\/blog\/2025\/02\/19\/la-diputacion-foral-de-gipuzkoa-ha-lanzado-subvenciones\/#article","isPartOf":{"@id":"https:\/\/www.airco2.earth\/blog\/2025\/02\/19\/la-diputacion-foral-de-gipuzkoa-ha-lanzado-subvenciones\/"},"author":{"name":"airco2","@id":"https:\/\/www.airco2.earth\/blog\/#\/schema\/person\/ef063bb18a0e906fa67453ed27890422"},"headline":"C\u00f3mo acceder a las ayudas en Gipuzkoa para gestionar tu huella de carbono","datePublished":"2025-02-19T11:36:07+00:00","dateModified":"2025-02-19T11:37:08+00:00","mainEntityOfPage":{"@id":"https:\/\/www.airco2.earth\/blog\/2025\/02\/19\/la-diputacion-foral-de-gipuzkoa-ha-lanzado-subvenciones\/"},"wordCount":537,"commentCount":0,"publisher":{"@id":"https:\/\/www.airco2.earth\/blog\/#organization"},"image":{"@id":"https:\/\/www.airco2.earth\/blog\/2025\/02\/19\/la-diputacion-foral-de-gipuzkoa-ha-lanzado-subvenciones\/#primaryimage"},"thumbnailUrl":"https:\/\/www.airco2.earth\/blog\/wp-content\/uploads\/2025\/02\/unnamed.png","articleSection":["Sostenibilidad"],"inLanguage":"es","potentialAction":[{"@type":"CommentAction","name":"Comment","target":["https:\/\/www.airco2.earth\/blog\/2025\/02\/19\/la-diputacion-foral-de-gipuzkoa-ha-lanzado-subvenciones\/#respond"]}]},{"@type":"WebPage","@id":"https:\/\/www.airco2.earth\/blog\/2025\/02\/19\/la-diputacion-foral-de-gipuzkoa-ha-lanzado-subvenciones\/","url":"https:\/\/www.airco2.earth\/blog\/2025\/02\/19\/la-diputacion-foral-de-gipuzkoa-ha-lanzado-subvenciones\/","name":"La Diputaci\u00f3n Foral de Gipuzkoa ha lanzado subvenciones","isPartOf":{"@id":"https:\/\/www.airco2.earth\/blog\/#website"},"primaryImageOfPage":{"@id":"https:\/\/www.airco2.earth\/blog\/2025\/02\/19\/la-diputacion-foral-de-gipuzkoa-ha-lanzado-subvenciones\/#primaryimage"},"image":{"@id":"https:\/\/www.airco2.earth\/blog\/2025\/02\/19\/la-diputacion-foral-de-gipuzkoa-ha-lanzado-subvenciones\/#primaryimage"},"thumbnailUrl":"https:\/\/www.airco2.earth\/blog\/wp-content\/uploads\/2025\/02\/unnamed.png","datePublished":"2025-02-19T11:36:07+00:00","dateModified":"2025-02-19T11:37:08+00:00","description":"La Diputaci\u00f3n Foral de Gipuzkoa ha lanzado subvenciones para empresas y municipios que quieren reducir sus emisiones de carbono","breadcrumb":{"@id":"https:\/\/www.airco2.earth\/blog\/2025\/02\/19\/la-diputacion-foral-de-gipuzkoa-ha-lanzado-subvenciones\/#breadcrumb"},"inLanguage":"es","potentialAction":[{"@type":"ReadAction","target":["https:\/\/www.airco2.earth\/blog\/2025\/02\/19\/la-diputacion-foral-de-gipuzkoa-ha-lanzado-subvenciones\/"]}]},{"@type":"ImageObject","inLanguage":"es","@id":"https:\/\/www.airco2.earth\/blog\/2025\/02\/19\/la-diputacion-foral-de-gipuzkoa-ha-lanzado-subvenciones\/#primaryimage","url":"https:\/\/www.airco2.earth\/blog\/wp-content\/uploads\/2025\/02\/unnamed.png","contentUrl":"https:\/\/www.airco2.earth\/blog\/wp-content\/uploads\/2025\/02\/unnamed.png","width":512,"height":288},{"@type":"BreadcrumbList","@id":"https:\/\/www.airco2.earth\/blog\/2025\/02\/19\/la-diputacion-foral-de-gipuzkoa-ha-lanzado-subvenciones\/#breadcrumb","itemListElement":[{"@type":"ListItem","position":1,"name":"Portada","item":"https:\/\/www.airco2.earth\/blog\/"},{"@type":"ListItem","position":2,"name":"C\u00f3mo acceder a las ayudas en Gipuzkoa para gestionar tu huella de carbono"}]},{"@type":"WebSite","@id":"https:\/\/www.airco2.earth\/blog\/#website","url":"https:\/\/www.airco2.earth\/blog\/","name":"Airco2","description":"Noticias y consejos sobre Huella de Carbono","publisher":{"@id":"https:\/\/www.airco2.earth\/blog\/#organization"},"potentialAction":[{"@type":"SearchAction","target":{"@type":"EntryPoint","urlTemplate":"https:\/\/www.airco2.earth\/blog\/?s={search_term_string}"},"query-input":{"@type":"PropertyValueSpecification","valueRequired":true,"valueName":"search_term_string"}}],"inLanguage":"es"},{"@type":"Organization","@id":"https:\/\/www.airco2.earth\/blog\/#organization","name":"Airco2","url":"https:\/\/www.airco2.earth\/blog\/","logo":{"@type":"ImageObject","inLanguage":"es","@id":"https:\/\/www.airco2.earth\/blog\/#\/schema\/logo\/image\/","url":"","contentUrl":"","caption":"Airco2"},"image":{"@id":"https:\/\/www.airco2.earth\/blog\/#\/schema\/logo\/image\/"},"sameAs":["https:\/\/www.instagram.com\/airco2_fintech\/?hl=es","https:\/\/www.linkedin.com\/products\/airco2-carbon-manager\/?trk=organization_guest_main_product_card"]},{"@type":"Person","@id":"https:\/\/www.airco2.earth\/blog\/#\/schema\/person\/ef063bb18a0e906fa67453ed27890422","name":"airco2","image":{"@type":"ImageObject","inLanguage":"es","@id":"https:\/\/www.airco2.earth\/blog\/#\/schema\/person\/image\/","url":"https:\/\/secure.gravatar.com\/avatar\/6cc7b3398f8c011883a3f1a23d269c17?s=96&d=mm&r=g","contentUrl":"https:\/\/secure.gravatar.com\/avatar\/6cc7b3398f8c011883a3f1a23d269c17?s=96&d=mm&r=g","caption":"airco2"},"sameAs":["https:\/\/www.airco2.earth\/blog"],"url":"https:\/\/www.airco2.earth\/blog\/author\/airco2\/"}]}},"_links":{"self":[{"href":"https:\/\/www.airco2.earth\/blog\/wp-json\/wp\/v2\/posts\/986"}],"collection":[{"href":"https:\/\/www.airco2.earth\/blog\/wp-json\/wp\/v2\/posts"}],"about":[{"href":"https:\/\/www.airco2.earth\/blog\/wp-json\/wp\/v2\/types\/post"}],"author":[{"embeddable":true,"href":"https:\/\/www.airco2.earth\/blog\/wp-json\/wp\/v2\/users\/1"}],"replies":[{"embeddable":true,"href":"https:\/\/www.airco2.earth\/blog\/wp-json\/wp\/v2\/comments?post=986"}],"version-history":[{"count":2,"href":"https:\/\/www.airco2.earth\/blog\/wp-json\/wp\/v2\/posts\/986\/revisions"}],"predecessor-version":[{"id":990,"href":"https:\/\/www.airco2.earth\/blog\/wp-json\/wp\/v2\/posts\/986\/revisions\/990"}],"wp:featuredmedia":[{"embeddable":true,"href":"https:\/\/www.airco2.earth\/blog\/wp-json\/wp\/v2\/media\/987"}],"wp:attachment":[{"href":"https:\/\/www.airco2.earth\/blog\/wp-json\/wp\/v2\/media?parent=986"}],"wp:term":[{"taxonomy":"category","embeddable":true,"href":"https:\/\/www.airco2.earth\/blog\/wp-json\/wp\/v2\/categories?post=986"},{"taxonomy":"post_tag","embeddable":true,"href":"https:\/\/www.airco2.earth\/blog\/wp-json\/wp\/v2\/tags?post=986"}],"curies":[{"name":"wp","href":"https:\/\/api.w.org\/{rel}","templated":true}]}}